{"id":42682,"date":"2021-05-07T07:49:17","date_gmt":"2021-05-07T02:49:17","guid":{"rendered":"https:\/\/zamanturkmenistan.com.tm\/?p=42682"},"modified":"2021-05-07T07:49:17","modified_gmt":"2021-05-07T02:49:17","slug":"jayyn-ilkinji-yasayjylary","status":"publish","type":"post","link":"https:\/\/zamanturkmenistan.com.tm\/?p=42682","title":{"rendered":"Ja\u00ad\u00fdy\u0148 il\u00adkin\u00adji \u00fda\u00ad\u015fa\u00fd\u00adjy\u00adla\u00adry"},"content":{"rendered":"<p>Ni\u00adder\u00adlan\u00addi\u00ad\u00fda\u00adly \u00e4r-a\u00fdal tu\u00adtu\u015f\u00adly\u00adgy\u00adna 3D teh\u00adno\u00adlo\u00adgi\u00ad\u00fda\u00adsy ar\u00adka\u00adly gur\u00adlan \u00ddew\u00adro\u00adpa\u00adny\u0148 il\u00adkin\u00adji \u00f6\u00fd\u00fc\u00adne g\u00f6\u00ad\u00e7\u00fcp bar\u00addy. Bu ba\u00adra\u00adda \u00abThe Gu\u00adar\u00addi\u00adan\u00bb ga\u00adze\u00adti ha\u00adbar ber\u00ad\u00fd\u00e4r. Ne\u00ad\u015fi\u00adri\u0148 ha\u00adba\u00adry\u00adna g\u00f6\u00adr\u00e4, Eli\u00adza Luts we Gar\u00adri Dek\u00adkers ga\u00adpy\u00adny a\u00e7\u00adma\u00adga m\u00fcm\u00adkin\u00ad\u00e7i\u00adlik ber\u00ad\u00fd\u00e4n prog\u00adram\u00adma\u00adly san\u00adly a\u00e7a\u00adra e\u00fde bol\u00addu\u00adlar.<br \/>\nBu ja\u00fd ka\u00adnu\u00adn esasynda \u00fda\u015famaga m\u00fcmkin\u00e7ilik d\u00f6redilen il\u00adkin\u00adji \u00fda\u00ad\u015fa\u00ad\u00fdy\u015f ja\u00ad\u00fdy\u00addyr. Il\u00adki bi\u00adlen \u015fu\u00adnu\u0148 \u00fda\u00adly ja\u00fd\u00adla\u00adry\u0148 2019-njy \u00fdyl\u00adda pe\u00fd\u00adda bol\u00adma\u00adgy me\u00ad\u00fdil\u00adle\u015f\u00addi\u00adri\u00adlip\u00addi, \u00fd\u00f6\u00adne bi\u00adna\u00adg\u00e4r\u00adlik tas\u00adla\u00adma\u00adsy\u00adny\u0148 \u00e7yl\u00ad\u015fy\u00adrym\u00adly\u00adly\u00adgy se\u00adb\u00e4p\u00adli m\u00f6h\u00adlet\u00adler yza s\u00fc\u00fd\u00ad\u015f\u00fc\u00adril\u00addi. Bu tas\u00adla\u00adma \u00abE\u00fdnd\u00adho\u00adwen\u00bb teh\u00adni\u00adki uni\u00adwer\u00adsi\u00adte\u00adti we \u00abVes\u00adte\u00adda\u00bb \u00fda\u00ad\u015fa\u00ad\u00fdy\u015f ja\u00fd kor\u00adpo\u00adra\u00adsi\u00ad\u00fda\u00adsy bi\u00adlen bi\u00adle\u00adlik\u00adde ama\u00adla a\u015fy\u00adryl\u00addy.<br \/>\n\u00dda\u00ad\u015fa\u00ad\u00fdy\u015f ja\u00ad\u00fdy\u00adny\u0148 me\u00fd\u00adda\u00adny 94 ine\u00add\u00f6r\u00add\u00fcl metr bo\u00adlup, on\u00adda iki otag bar. Ja\u00fd ga\u00ad\u00fda \u00fda\u00adly \u015fe\u00adkil\u00adlen\u00addi\u00adri\u00adlip, 24 sa\u00adny be\u00adton ele\u00adment\u00adler\u00adden yba\u00adrat\u00addyr. Bi\u00adna\u00adny d\u00f6\u00adret\u00admek \u00fc\u00e7in 120 sa\u00adgat ge\u00adrek bol\u00addy.<\/p>\n","protected":false},"excerpt":{"rendered":"<p>Ni\u00adder\u00adlan\u00addi\u00ad\u00fda\u00adly \u00e4r-a\u00fdal tu\u00adtu\u015f\u00adly\u00adgy\u00adna 3D teh\u00adno\u00adlo\u00adgi\u00ad\u00fda\u00adsy ar\u00adka\u00adly gur\u00adlan \u00ddew\u00adro\u00adpa\u00adny\u0148 il\u00adkin\u00adji \u00f6\u00fd\u00fc\u00adne g\u00f6\u00ad\u00e7\u00fcp bar\u00addy. Bu ba\u00adra\u00adda \u00abThe Gu\u00adar\u00addi\u00adan\u00bb ga\u00adze\u00adti ha\u00adbar ber\u00ad\u00fd\u00e4r. Ne\u00ad\u015fi\u00adri\u0148 ha\u00adba\u00adry\u00adna g\u00f6\u00adr\u00e4, Eli\u00adza Luts we Gar\u00adri Dek\u00adkers ga\u00adpy\u00adny a\u00e7\u00adma\u00adga m\u00fcm\u00adkin\u00ad\u00e7i\u00adlik ber\u00ad\u00fd\u00e4n prog\u00adram\u00adma\u00adly san\u00adly a\u00e7a\u00adra e\u00fde bol\u00addu\u00adlar. Bu ja\u00fd ka\u00adnu\u00adn esasynda \u00fda\u015famaga m\u00fcmkin\u00e7ilik d\u00f6redilen il\u00adkin\u00adji \u00fda\u00ad\u015fa\u00ad\u00fdy\u015f ja\u00ad\u00fdy\u00addyr. Il\u00adki bi\u00adlen \u015fu\u00adnu\u0148 \u00fda\u00adly ja\u00fd\u00adla\u00adry\u0148 2019-njy \u00fdyl\u00adda pe\u00fd\u00adda bol\u00adma\u00adgy [&hellip;]<\/p>\n","protected":false},"author":1,"featured_media":42683,"comment_status":"open","ping_status":"closed","sticky":false,"template":"","format":"standard","meta":{"footnotes":""},"categories":[5],"tags":[],"acf":[],"_links":{"self":[{"href":"https:\/\/zamanturkmenistan.com.tm\/index.php?rest_route=\/wp\/v2\/posts\/42682"}],"collection":[{"href":"https:\/\/zamanturkmenistan.com.tm\/index.php?rest_route=\/wp\/v2\/posts"}],"about":[{"href":"https:\/\/zamanturkmenistan.com.tm\/index.php?rest_route=\/wp\/v2\/types\/post"}],"author":[{"embeddable":true,"href":"https:\/\/zamanturkmenistan.com.tm\/index.php?rest_route=\/wp\/v2\/users\/1"}],"replies":[{"embeddable":true,"href":"https:\/\/zamanturkmenistan.com.tm\/index.php?rest_route=%2Fwp%2Fv2%2Fcomments&post=42682"}],"version-history":[{"count":0,"href":"https:\/\/zamanturkmenistan.com.tm\/index.php?rest_route=\/wp\/v2\/posts\/42682\/revisions"}],"wp:featuredmedia":[{"embeddable":true,"href":"https:\/\/zamanturkmenistan.com.tm\/index.php?rest_route=\/wp\/v2\/media\/42683"}],"wp:attachment":[{"href":"https:\/\/zamanturkmenistan.com.tm\/index.php?rest_route=%2Fwp%2Fv2%2Fmedia&parent=42682"}],"wp:term":[{"taxonomy":"category","embeddable":true,"href":"https:\/\/zamanturkmenistan.com.tm\/index.php?rest_route=%2Fwp%2Fv2%2Fcategories&post=42682"},{"taxonomy":"post_tag","embeddable":true,"href":"https:\/\/zamanturkmenistan.com.tm\/index.php?rest_route=%2Fwp%2Fv2%2Ftags&post=42682"}],"curies":[{"name":"wp","href":"https:\/\/api.w.org\/{rel}","templated":true}]}}