{"id":42752,"date":"2021-05-08T10:18:41","date_gmt":"2021-05-08T05:18:41","guid":{"rendered":"https:\/\/zamanturkmenistan.com.tm\/?p=42752"},"modified":"2021-05-08T10:18:41","modified_gmt":"2021-05-08T05:18:41","slug":"hormatly-prezidentimizin-ak-saherim-asgabat-atly-taze-kitaby-capdan-cykdy","status":"publish","type":"post","link":"https:\/\/zamanturkmenistan.com.tm\/?p=42752","title":{"rendered":"Hormatly Prezidentimizi\u0148 \u201cAk \u015f\u00e4herim A\u015fgabat\u201d atly t\u00e4ze kitaby \u00e7apdan \u00e7ykdy"},"content":{"rendered":"<p>7-nji ma\u00fdda hormatly Prezidentimiz Gurbanguly Berdimuhamedow sanly ulgam arkaly Ministrler Kabinetini\u0148 milli ykdysady\u00fdetimizi\u0148 pudaklarynda \u015fu \u00fdyly\u0148 d\u00f6rt a\u00fdynda \u00fderine \u00fdetirilen i\u015fleri\u0148 netijelerine bagy\u015flanan mejlisini ge\u00e7irdi. Onda D\u00f6wlet Ba\u015ftutanymyz Ministrler Kabinetini\u0148 agzalaryna \u00fd\u00fczlenip, \u00fdene bir t\u00e4zelik barada &#8211; \u00f6z\u00fcni\u0148 \u00abA\u015fgabat\u00bb atly kitabyny tamamlandygyny a\u00fdtdy.<\/p>\n<p>Hormatly Prezidentimiz bu kitaby\u0148 gyzykly we pe\u00fddaly hem-de ak mermerli pa\u00fdtagtymyzy\u0148 140 \u00fdyllyk ba\u00fdramyna watanda\u015flarymyza sowgat boljakdygyna ynan\u00fdandygyny a\u00fdtdy. Kitap taryhy maglumatlara ba\u00fd bolup, onda A\u015fgabat \u015f\u00e4herini\u0148 d\u00fcrli d\u00f6w\u00fcrleri barada gyzykly wakalar be\u00fdan edil\u00fd\u00e4r. Kitapda A\u015fgabat \u015f\u00e4herini\u0148 h\u00e4zirki ke\u015fbi dogrusynda hem okyjylary gyzyklandyrjak maglumatlar we foto suratlar \u00fderle\u015fdirilipdir.<\/p>\n","protected":false},"excerpt":{"rendered":"<p>7-nji ma\u00fdda hormatly Prezidentimiz Gurbanguly Berdimuhamedow sanly ulgam arkaly Ministrler Kabinetini\u0148 milli ykdysady\u00fdetimizi\u0148 pudaklarynda \u015fu \u00fdyly\u0148 d\u00f6rt a\u00fdynda \u00fderine \u00fdetirilen i\u015fleri\u0148 netijelerine bagy\u015flanan mejlisini ge\u00e7irdi. Onda D\u00f6wlet Ba\u015ftutanymyz Ministrler Kabinetini\u0148 agzalaryna \u00fd\u00fczlenip, \u00fdene bir t\u00e4zelik barada &#8211; \u00f6z\u00fcni\u0148 \u00abA\u015fgabat\u00bb atly kitabyny tamamlandygyny a\u00fdtdy. Hormatly Prezidentimiz bu kitaby\u0148 gyzykly we pe\u00fddaly hem-de ak mermerli pa\u00fdtagtymyzy\u0148 140 [&hellip;]<\/p>\n","protected":false},"author":2,"featured_media":42753,"comment_status":"open","ping_status":"closed","sticky":false,"template":"","format":"standard","meta":{"footnotes":""},"categories":[3],"tags":[],"acf":[],"_links":{"self":[{"href":"https:\/\/zamanturkmenistan.com.tm\/index.php?rest_route=\/wp\/v2\/posts\/42752"}],"collection":[{"href":"https:\/\/zamanturkmenistan.com.tm\/index.php?rest_route=\/wp\/v2\/posts"}],"about":[{"href":"https:\/\/zamanturkmenistan.com.tm\/index.php?rest_route=\/wp\/v2\/types\/post"}],"author":[{"embeddable":true,"href":"https:\/\/zamanturkmenistan.com.tm\/index.php?rest_route=\/wp\/v2\/users\/2"}],"replies":[{"embeddable":true,"href":"https:\/\/zamanturkmenistan.com.tm\/index.php?rest_route=%2Fwp%2Fv2%2Fcomments&post=42752"}],"version-history":[{"count":0,"href":"https:\/\/zamanturkmenistan.com.tm\/index.php?rest_route=\/wp\/v2\/posts\/42752\/revisions"}],"wp:featuredmedia":[{"embeddable":true,"href":"https:\/\/zamanturkmenistan.com.tm\/index.php?rest_route=\/wp\/v2\/media\/42753"}],"wp:attachment":[{"href":"https:\/\/zamanturkmenistan.com.tm\/index.php?rest_route=%2Fwp%2Fv2%2Fmedia&parent=42752"}],"wp:term":[{"taxonomy":"category","embeddable":true,"href":"https:\/\/zamanturkmenistan.com.tm\/index.php?rest_route=%2Fwp%2Fv2%2Fcategories&post=42752"},{"taxonomy":"post_tag","embeddable":true,"href":"https:\/\/zamanturkmenistan.com.tm\/index.php?rest_route=%2Fwp%2Fv2%2Ftags&post=42752"}],"curies":[{"name":"wp","href":"https:\/\/api.w.org\/{rel}","templated":true}]}}