{"id":42925,"date":"2021-05-12T15:29:29","date_gmt":"2021-05-12T10:29:29","guid":{"rendered":"https:\/\/zamanturkmenistan.com.tm\/?p=42925"},"modified":"2021-05-12T15:29:29","modified_gmt":"2021-05-12T10:29:29","slug":"ak-saherim-asgabat-atly-kitabyn-tanysdyrylys-dabarasy","status":"publish","type":"post","link":"https:\/\/zamanturkmenistan.com.tm\/?p=42925","title":{"rendered":"\u201cAk \u015f\u00e4herim A\u015fgabat\u201d atly kitaby\u0148 tany\u015fdyryly\u015f dabarasy"},"content":{"rendered":"<p>11-nji ma\u00fdda T\u00fcrkmenistany\u0148 Da\u015fary i\u015fler ministrligini\u0148 Halkara gatna\u015fyklary institutynda hormatly Prezidentimizi\u0148 \u201cAk \u015f\u00e4herim A\u015fgabat\u201d atly kitabyny\u0148 tany\u015fdyryly\u015f dabarasy ge\u00e7irildi. Dabara da\u015fary \u00fdurtlary\u0148 T\u00fcrkmenistandaky il\u00e7ileri, \u00fdokary okuw mekdeplerini\u0148 mugallymlary hem-de habar beri\u015f seri\u015fdelerini\u0148 wekilleri gatna\u015fdylar.<\/p>\n<p>Dabarada \u00e7yky\u015f edenler 6 b\u00f6l\u00fcmden ybarat bolan kitapda gymmatly maglumatlary\u0148, pa\u00fdtagtymyzy\u0148 taryhyny, \u015fu g\u00fcn\u00fcni we geljegini be\u00fdan ed\u00fd\u00e4n, ak \u015f\u00e4herimizi\u0148 g\u00f6zelligini a\u00e7yp g\u00f6rkez\u00fd\u00e4n fotosuratlary\u0148 bardygyny be\u00fdan etdiler. \u015ee\u00fdle-de kitapda h\u00e4zirki zamany\u0148 gurlu\u015fyk, in\u017eener\u00e7ilik i\u015fleri, hyzmatlar ulgamy babatdaky t\u00e4ze d\u00fc\u015f\u00fcnjeler bilen tan\u015fyp bol\u00fdandygyny a\u00fdratyn nygtadylar.<\/p>\n<p>Tany\u015fdyryly\u015f dabarasyny\u0148 dowamynda o\u0148a gatna\u015fyjylar A\u015fgabady\u0148 140 \u00fdyllygyny\u0148 \u00f6\u0148 \u00fdanynda t\u00fcrkmen halkyna \u015fe\u00fdle aja\u00fdyp kitaby pe\u015fge\u015f berendigi \u00fc\u00e7in milli Liderimize ho\u015fallyk bildirip, mundan be\u00fdl\u00e4k-de d\u00f6redijilik \u00fcst\u00fcnliklerini arzuw etdiler.<\/p>\n","protected":false},"excerpt":{"rendered":"<p>11-nji ma\u00fdda T\u00fcrkmenistany\u0148 Da\u015fary i\u015fler ministrligini\u0148 Halkara gatna\u015fyklary institutynda hormatly Prezidentimizi\u0148 \u201cAk \u015f\u00e4herim A\u015fgabat\u201d atly kitabyny\u0148 tany\u015fdyryly\u015f dabarasy ge\u00e7irildi. Dabara da\u015fary \u00fdurtlary\u0148 T\u00fcrkmenistandaky il\u00e7ileri, \u00fdokary okuw mekdeplerini\u0148 mugallymlary hem-de habar beri\u015f seri\u015fdelerini\u0148 wekilleri gatna\u015fdylar. Dabarada \u00e7yky\u015f edenler 6 b\u00f6l\u00fcmden ybarat bolan kitapda gymmatly maglumatlary\u0148, pa\u00fdtagtymyzy\u0148 taryhyny, \u015fu g\u00fcn\u00fcni we geljegini be\u00fdan ed\u00fd\u00e4n, ak \u015f\u00e4herimizi\u0148 g\u00f6zelligini [&hellip;]<\/p>\n","protected":false},"author":2,"featured_media":42926,"comment_status":"open","ping_status":"closed","sticky":false,"template":"","format":"standard","meta":{"footnotes":""},"categories":[3],"tags":[],"acf":[],"_links":{"self":[{"href":"https:\/\/zamanturkmenistan.com.tm\/index.php?rest_route=\/wp\/v2\/posts\/42925"}],"collection":[{"href":"https:\/\/zamanturkmenistan.com.tm\/index.php?rest_route=\/wp\/v2\/posts"}],"about":[{"href":"https:\/\/zamanturkmenistan.com.tm\/index.php?rest_route=\/wp\/v2\/types\/post"}],"author":[{"embeddable":true,"href":"https:\/\/zamanturkmenistan.com.tm\/index.php?rest_route=\/wp\/v2\/users\/2"}],"replies":[{"embeddable":true,"href":"https:\/\/zamanturkmenistan.com.tm\/index.php?rest_route=%2Fwp%2Fv2%2Fcomments&post=42925"}],"version-history":[{"count":0,"href":"https:\/\/zamanturkmenistan.com.tm\/index.php?rest_route=\/wp\/v2\/posts\/42925\/revisions"}],"wp:featuredmedia":[{"embeddable":true,"href":"https:\/\/zamanturkmenistan.com.tm\/index.php?rest_route=\/wp\/v2\/media\/42926"}],"wp:attachment":[{"href":"https:\/\/zamanturkmenistan.com.tm\/index.php?rest_route=%2Fwp%2Fv2%2Fmedia&parent=42925"}],"wp:term":[{"taxonomy":"category","embeddable":true,"href":"https:\/\/zamanturkmenistan.com.tm\/index.php?rest_route=%2Fwp%2Fv2%2Fcategories&post=42925"},{"taxonomy":"post_tag","embeddable":true,"href":"https:\/\/zamanturkmenistan.com.tm\/index.php?rest_route=%2Fwp%2Fv2%2Ftags&post=42925"}],"curies":[{"name":"wp","href":"https:\/\/api.w.org\/{rel}","templated":true}]}}