{"id":43439,"date":"2021-05-27T12:43:14","date_gmt":"2021-05-27T07:43:14","guid":{"rendered":"https:\/\/zamanturkmenistan.com.tm\/?p=43439"},"modified":"2021-05-27T12:43:14","modified_gmt":"2021-05-27T07:43:14","slug":"cempion-talimcilerin-yene-biri-wezipesinden-gitdi","status":"publish","type":"post","link":"https:\/\/zamanturkmenistan.com.tm\/?p=43439","title":{"rendered":"\u00c7empion t\u00e4lim\u00e7ileri\u0148 \u00fdene biri wezipesinden gitdi"},"content":{"rendered":"<p>\u00ddewropa futbolynda milli ligalary\u0148 tamamlanmagyndan so\u0148 transfer m\u00f6ws\u00fcmine \u00fdokary depginde badalga berildi. Esasan hem t\u00e4lim\u00e7ileri\u0148 arasynda wezipesini ta\u015fla\u00fdanlary\u0148 sany barha art\u00fdar. A\u00fdratynam m\u00f6ws\u00fcmi \u00e7empionlyk bilen tamamlan klublarda. \u201cBundesligany\u0148\u201d \u00e7empiony \u201cBawari\u00fdada\u201d Hans-Diter Flikden so\u0148, Fransi\u00fdany\u0148 \u00e7empiony \u201cLilli\u0148\u201d t\u00e4lim\u00e7isi Kristpf Galtie d\u00fcrli seb\u00e4plerden wezipelerini ta\u015fladylar. Olary\u0148 hataryna \u201cSerie A\u201d-ny\u0148 \u00e7empiony Interi\u0148 t\u00e4lim\u00e7isi Antonio Konte hem go\u015fuldy. Ussat t\u00e4lim\u00e7ini\u0148 topary\u0148 \u00fdolba\u015f\u00e7ylary bilen transfer we be\u00fdleki k\u00e4bir mali\u00fde meselelerinde d\u00fc\u015f\u00fcni\u015fm\u00e4ndigi seb\u00e4pli iki tarapy\u0148 ylala\u015fygy esasynda \u015fertnamany\u0148 \u00fdatyrandygy habar berildi. Entek \u00fdene-de bir \u00fdyllyk \u015fertnamasy bolan Konte topardan \u00f6wezt\u00f6leg h\u00f6km\u00fcnde 7 million \u00fdewro alar. 51 \u00fda\u015fyndaky Konte 2019-njy \u00fdylda \u201cInteri\u0148\u201d t\u00e4lim\u00e7isi bolup, ol topara \u201cSerie A\u201d-da bir \u00e7empionlyk gazandyrdy. Ge\u00e7en m\u00f6ws\u00fcmde-de \u00ddewropa ligasynda finala \u00e7ykarypdy.<\/p>\n<p>Konteni\u0148 mundan so\u0148 ha\u00fdsy topara t\u00e4lim berjekdigi h\u00e4zirlik\u00e7e belli d\u00e4l. \u201cReal Madridden\u201d ga\u00fdtmagyna gara\u015fyl\u00fdan Zinedin Zidany\u0148 ornuna wezip\u00e4 bellenjekdigi habar beril\u00fd\u00e4r. \u00dd\u00f6ne so\u0148ky g\u00fcrr\u00fc\u0148lere ser salsak, \u201cReal Madrid\u201d ba\u015fga bir ital\u00fdan h\u00fcn\u00e4rmeni Massimiliano Allegri bilen \u015fertnama bagla\u015fmak\u00e7y bol\u00fdar. \u201cInter\u201d topary \u00fc\u00e7in bolsa, \u201cLasiony\u0148\u201d t\u00e4lim\u00e7isi Simona Inzagini\u0148 hem-de 2019\/20 m\u00f6ws\u00fcminde \u201c\u00dduwentusa\u201d t\u00e4lim\u00e7ilik eden Maurizio Sarrini\u0148 atlary agzal\u00fdar.<\/p>\n","protected":false},"excerpt":{"rendered":"<p>\u00ddewropa futbolynda milli ligalary\u0148 tamamlanmagyndan so\u0148 transfer m\u00f6ws\u00fcmine \u00fdokary depginde badalga berildi. Esasan hem t\u00e4lim\u00e7ileri\u0148 arasynda wezipesini ta\u015fla\u00fdanlary\u0148 sany barha art\u00fdar. A\u00fdratynam m\u00f6ws\u00fcmi \u00e7empionlyk bilen tamamlan klublarda. \u201cBundesligany\u0148\u201d \u00e7empiony \u201cBawari\u00fdada\u201d Hans-Diter Flikden so\u0148, Fransi\u00fdany\u0148 \u00e7empiony \u201cLilli\u0148\u201d t\u00e4lim\u00e7isi Kristpf Galtie d\u00fcrli seb\u00e4plerden wezipelerini ta\u015fladylar. Olary\u0148 hataryna \u201cSerie A\u201d-ny\u0148 \u00e7empiony Interi\u0148 t\u00e4lim\u00e7isi Antonio Konte hem go\u015fuldy. Ussat [&hellip;]<\/p>\n","protected":false},"author":2,"featured_media":43440,"comment_status":"open","ping_status":"closed","sticky":false,"template":"","format":"standard","meta":{"footnotes":""},"categories":[302,13],"tags":[1067,390,386,764,694],"acf":[],"_links":{"self":[{"href":"https:\/\/zamanturkmenistan.com.tm\/index.php?rest_route=\/wp\/v2\/posts\/43439"}],"collection":[{"href":"https:\/\/zamanturkmenistan.com.tm\/index.php?rest_route=\/wp\/v2\/posts"}],"about":[{"href":"https:\/\/zamanturkmenistan.com.tm\/index.php?rest_route=\/wp\/v2\/types\/post"}],"author":[{"embeddable":true,"href":"https:\/\/zamanturkmenistan.com.tm\/index.php?rest_route=\/wp\/v2\/users\/2"}],"replies":[{"embeddable":true,"href":"https:\/\/zamanturkmenistan.com.tm\/index.php?rest_route=%2Fwp%2Fv2%2Fcomments&post=43439"}],"version-history":[{"count":0,"href":"https:\/\/zamanturkmenistan.com.tm\/index.php?rest_route=\/wp\/v2\/posts\/43439\/revisions"}],"wp:featuredmedia":[{"embeddable":true,"href":"https:\/\/zamanturkmenistan.com.tm\/index.php?rest_route=\/wp\/v2\/media\/43440"}],"wp:attachment":[{"href":"https:\/\/zamanturkmenistan.com.tm\/index.php?rest_route=%2Fwp%2Fv2%2Fmedia&parent=43439"}],"wp:term":[{"taxonomy":"category","embeddable":true,"href":"https:\/\/zamanturkmenistan.com.tm\/index.php?rest_route=%2Fwp%2Fv2%2Fcategories&post=43439"},{"taxonomy":"post_tag","embeddable":true,"href":"https:\/\/zamanturkmenistan.com.tm\/index.php?rest_route=%2Fwp%2Fv2%2Ftags&post=43439"}],"curies":[{"name":"wp","href":"https:\/\/api.w.org\/{rel}","templated":true}]}}