{"id":44018,"date":"2021-06-09T12:32:17","date_gmt":"2021-06-09T07:32:17","guid":{"rendered":"https:\/\/zamanturkmenistan.com.tm\/?p=44018"},"modified":"2021-06-09T12:32:17","modified_gmt":"2021-06-09T07:32:17","slug":"turkmenistanyn-prezidenti-dowlet-tarapyndan-telekeciligi-maliye-taydan-goldamak-hakyndaky-karara-gol-cekdi","status":"publish","type":"post","link":"https:\/\/zamanturkmenistan.com.tm\/?p=44018","title":{"rendered":"T\u00fcrkmenistany\u0148 Prezidenti \u201cD\u00f6wlet tarapyndan teleke\u00e7iligi mali\u00fde ta\u00fddan goldamak hakyndaky\u201d Karara gol \u00e7ekdi"},"content":{"rendered":"<p>\u00ddurdumyzda ki\u00e7i we orta teleke\u00e7iligi goldamak, milli ykdysady\u00fdetimizi\u0148 d\u00fcrli ugurlarynda teleke\u00e7ilik i\u015fini h\u00f6weslendirmek, teleke\u00e7ilere d\u00f6wlet tarapyndan goldaw berilmegini k\u00e4mille\u015fdirmek, teleke\u00e7iligi\u0148 ykdysady\u00fdetde e\u00fdele\u00fd\u00e4n ornuny has-da artdyrmak, \u015fe\u00fdle hem t\u00e4ze i\u015f \u00fderlerini d\u00f6retmek maksady bilen, T\u00fcrkmenistany\u0148 Prezidenti \u201cD\u00f6wlet tarapyndan teleke\u00e7iligi mali\u00fde ta\u00fddan goldamak hakyndaky\u201d Karara gol \u00e7ekdi.<\/p>\n","protected":false},"excerpt":{"rendered":"<p>\u00ddurdumyzda ki\u00e7i we orta teleke\u00e7iligi goldamak, milli ykdysady\u00fdetimizi\u0148 d\u00fcrli ugurlarynda teleke\u00e7ilik i\u015fini h\u00f6weslendirmek, teleke\u00e7ilere d\u00f6wlet tarapyndan goldaw berilmegini k\u00e4mille\u015fdirmek, teleke\u00e7iligi\u0148 ykdysady\u00fdetde e\u00fdele\u00fd\u00e4n ornuny has-da artdyrmak, \u015fe\u00fdle hem t\u00e4ze i\u015f \u00fderlerini d\u00f6retmek maksady bilen, T\u00fcrkmenistany\u0148 Prezidenti \u201cD\u00f6wlet tarapyndan teleke\u00e7iligi mali\u00fde ta\u00fddan goldamak hakyndaky\u201d Karara gol \u00e7ekdi.<\/p>\n","protected":false},"author":2,"featured_media":34687,"comment_status":"open","ping_status":"closed","sticky":false,"template":"","format":"standard","meta":{"footnotes":""},"categories":[724],"tags":[1159],"acf":[],"_links":{"self":[{"href":"https:\/\/zamanturkmenistan.com.tm\/index.php?rest_route=\/wp\/v2\/posts\/44018"}],"collection":[{"href":"https:\/\/zamanturkmenistan.com.tm\/index.php?rest_route=\/wp\/v2\/posts"}],"about":[{"href":"https:\/\/zamanturkmenistan.com.tm\/index.php?rest_route=\/wp\/v2\/types\/post"}],"author":[{"embeddable":true,"href":"https:\/\/zamanturkmenistan.com.tm\/index.php?rest_route=\/wp\/v2\/users\/2"}],"replies":[{"embeddable":true,"href":"https:\/\/zamanturkmenistan.com.tm\/index.php?rest_route=%2Fwp%2Fv2%2Fcomments&post=44018"}],"version-history":[{"count":0,"href":"https:\/\/zamanturkmenistan.com.tm\/index.php?rest_route=\/wp\/v2\/posts\/44018\/revisions"}],"wp:featuredmedia":[{"embeddable":true,"href":"https:\/\/zamanturkmenistan.com.tm\/index.php?rest_route=\/wp\/v2\/media\/34687"}],"wp:attachment":[{"href":"https:\/\/zamanturkmenistan.com.tm\/index.php?rest_route=%2Fwp%2Fv2%2Fmedia&parent=44018"}],"wp:term":[{"taxonomy":"category","embeddable":true,"href":"https:\/\/zamanturkmenistan.com.tm\/index.php?rest_route=%2Fwp%2Fv2%2Fcategories&post=44018"},{"taxonomy":"post_tag","embeddable":true,"href":"https:\/\/zamanturkmenistan.com.tm\/index.php?rest_route=%2Fwp%2Fv2%2Ftags&post=44018"}],"curies":[{"name":"wp","href":"https:\/\/api.w.org\/{rel}","templated":true}]}}