{"id":44639,"date":"2021-06-22T18:27:07","date_gmt":"2021-06-22T13:27:07","guid":{"rendered":"https:\/\/zamanturkmenistan.com.tm\/?p=44639"},"modified":"2021-06-22T18:27:07","modified_gmt":"2021-06-22T13:27:07","slug":"iphone-12-mini-nin-onumciligi-togtadyldy","status":"publish","type":"post","link":"https:\/\/zamanturkmenistan.com.tm\/?p=44639","title":{"rendered":"\u201ciPhone 12 mini\u201d-ni\u0148 \u00f6n\u00fcm\u00e7iligi togtadyldy"},"content":{"rendered":"<p>\u201cApple\u201d kompani\u00fdasyny\u0148 \u201ciPhone 12 mini\u201d smartfonyny\u0148 Taiwandaky \u00f6n\u00fcm\u00e7iligini\u0148 duruzylandygy m\u00e4lim edildi. \u015ee\u00fdle hem amerikan kompani\u00fdasy \u201cmini\u201d modellere islegi\u0148 azdygy seb\u00e4pli \u201ciPhone 13 mini\u201d smartfonyny hem \u00fdatyrmak kararyna geldi. D\u00fcn\u00fd\u00e4ni\u0148 i\u0148 uly smartfon \u00f6nd\u00fcriji kompani\u00fdalaryny\u0148 biri bolan \u201cApple\u201d 2020-nji \u00fdylda ilkinji gezek \u201cSE\u201d \u00fda-da \u201cC\u201d g\u00f6rn\u00fc\u015fi bolmadyk \u201ciPhone\u201d seri\u00fdasyny h\u00f6d\u00fcrl\u00e4pdi. D\u00f6rt g\u00f6rn\u00fc\u015fli smartfon \u201ciPhone 12 mini\u201d, \u201ciPhone 12\u201d, \u201ciPhone 12 Pro\u201d we \u201ciPhone 12 Pro Max\u201d di\u00fdlip atlandyrylypdy. Tehniki a\u00fdratynlygy, ululygy we bahasy tapawutly bolan bu modeller d\u00fcrli gatlakdaky m\u00fc\u015fderilere \u00f6z\u00fcne \u00e7ek\u00fd\u00e4r. \u201ciPhone 12 mini\u201d modeli bolsa, ozalky arzan bahaly \u201cSE\u201d modelini\u0148 \u00fderine \u00e7ykarylyp, has k\u00f6p m\u00fc\u015fderini \u00f6z\u00fcne \u00e7ekmek maksady bilen \u00f6nd\u00fcrilipdi. Emma o\u0148a isleg gara\u015fyly\u015fy \u00fdaly bolmady. M\u00fc\u015fderiler ululygy 6 d\u00fdu\u00fdumdan uly bolan \u201ciPhone 12\u201d we \u201c12 Pro\u201d modellerine has k\u00f6p isleg bildir\u00fd\u00e4r. Maglumatlara g\u00f6r\u00e4 \u201ciPhone 12\u201d satuwyny\u0148 bary-\u00fdogy 5 g\u00f6terimini \u201cmini\u201d modeli emele getir\u00fd\u00e4r. \u015ee\u00fdle bolanso\u0148, kompani\u00fdany\u0148 \u00fdolba\u015f\u00e7ylary bu modeli\u0148 \u00f6n\u00fcm\u00e7iligini duruzmak kararyna geldiler. Mundan so\u0148ky \u201ciPhone\u201d-lary\u0148 adaty, \u201cPro\u201d we \u201cPro Max\u201d g\u00f6rn\u00fc\u015finde bolmagyna gara\u015fyl\u00fdar. \u201ciPhone\u201d-lary\u0148 el\u00fdeterli bahaly g\u00f6rn\u00fc\u015fine isleg bildir\u00fd\u00e4n m\u00fc\u015fderileri\u0148 sany hem k\u00f6p. \u015eol seb\u00e4pli \u201cApple\u201d \u201cSE\u201d modelini ga\u00fdtadan satuwa \u00e7ykaryp biler.<\/p>\n","protected":false},"excerpt":{"rendered":"<p>\u201cApple\u201d kompani\u00fdasyny\u0148 \u201ciPhone 12 mini\u201d smartfonyny\u0148 Taiwandaky \u00f6n\u00fcm\u00e7iligini\u0148 duruzylandygy m\u00e4lim edildi. \u015ee\u00fdle hem amerikan kompani\u00fdasy \u201cmini\u201d modellere islegi\u0148 azdygy seb\u00e4pli \u201ciPhone 13 mini\u201d smartfonyny hem \u00fdatyrmak kararyna geldi. D\u00fcn\u00fd\u00e4ni\u0148 i\u0148 uly smartfon \u00f6nd\u00fcriji kompani\u00fdalaryny\u0148 biri bolan \u201cApple\u201d 2020-nji \u00fdylda ilkinji gezek \u201cSE\u201d \u00fda-da \u201cC\u201d g\u00f6rn\u00fc\u015fi bolmadyk \u201ciPhone\u201d seri\u00fdasyny h\u00f6d\u00fcrl\u00e4pdi. D\u00f6rt g\u00f6rn\u00fc\u015fli smartfon \u201ciPhone 12 mini\u201d, [&hellip;]<\/p>\n","protected":false},"author":2,"featured_media":44641,"comment_status":"open","ping_status":"closed","sticky":false,"template":"","format":"standard","meta":{"footnotes":""},"categories":[5,8],"tags":[1285],"acf":[],"_links":{"self":[{"href":"https:\/\/zamanturkmenistan.com.tm\/index.php?rest_route=\/wp\/v2\/posts\/44639"}],"collection":[{"href":"https:\/\/zamanturkmenistan.com.tm\/index.php?rest_route=\/wp\/v2\/posts"}],"about":[{"href":"https:\/\/zamanturkmenistan.com.tm\/index.php?rest_route=\/wp\/v2\/types\/post"}],"author":[{"embeddable":true,"href":"https:\/\/zamanturkmenistan.com.tm\/index.php?rest_route=\/wp\/v2\/users\/2"}],"replies":[{"embeddable":true,"href":"https:\/\/zamanturkmenistan.com.tm\/index.php?rest_route=%2Fwp%2Fv2%2Fcomments&post=44639"}],"version-history":[{"count":0,"href":"https:\/\/zamanturkmenistan.com.tm\/index.php?rest_route=\/wp\/v2\/posts\/44639\/revisions"}],"wp:featuredmedia":[{"embeddable":true,"href":"https:\/\/zamanturkmenistan.com.tm\/index.php?rest_route=\/wp\/v2\/media\/44641"}],"wp:attachment":[{"href":"https:\/\/zamanturkmenistan.com.tm\/index.php?rest_route=%2Fwp%2Fv2%2Fmedia&parent=44639"}],"wp:term":[{"taxonomy":"category","embeddable":true,"href":"https:\/\/zamanturkmenistan.com.tm\/index.php?rest_route=%2Fwp%2Fv2%2Fcategories&post=44639"},{"taxonomy":"post_tag","embeddable":true,"href":"https:\/\/zamanturkmenistan.com.tm\/index.php?rest_route=%2Fwp%2Fv2%2Ftags&post=44639"}],"curies":[{"name":"wp","href":"https:\/\/api.w.org\/{rel}","templated":true}]}}