{"id":44746,"date":"2021-06-24T21:50:35","date_gmt":"2021-06-24T16:50:35","guid":{"rendered":"https:\/\/zamanturkmenistan.com.tm\/?p=44746"},"modified":"2021-06-24T21:50:35","modified_gmt":"2021-06-24T16:50:35","slug":"howa-boyunca-hyzmatdaslyk-ederler-2","status":"publish","type":"post","link":"https:\/\/zamanturkmenistan.com.tm\/?p=44746","title":{"rendered":"Ho\u00adwa bo\u00ad\u00fdun\u00ad\u00e7a hyz\u00admat\u00adda\u015f\u00adlyk eder\u00adler"},"content":{"rendered":"<p>Sa\u00adud Ara\u00adbys\u00adta\u00adny ho\u00adwa\u00adny\u0148 \u00fc\u00fdt\u00adge\u00adme\u00adgi bi\u00adlen bag\u00adla\u00adny\u00ad\u015fyk\u00adly me\u00adse\u00adl\u00e4\u00adni \u00e7yn\u00adla\u00adka\u00fd we gys\u00adsag\u00adly \u00e7\u00f6z\u00adm\u00e4\u00adge ta\u00fd\u00ad\u00fdar\u00addy\u00adgy\u00adny m\u00e4\u00adlim et\u00addi. Sa\u00adud Ara\u00adbys\u00adta\u00adny\u00adny\u0148 ha\u00adbar gul\u00adlu\u00adgy\u00adny\u0148 bel\u00adle\u00adme\u00adgi\u00adne g\u00f6\u00adr\u00e4, bu ba\u00adra\u00adda AB\u015e-ny\u0148 Pre\u00adzi\u00adden\u00adti\u00adni\u0148 Ho\u00adwa bo\u00ad\u00fdun\u00ad\u00e7a \u00fd\u00f6\u00adri\u00adte we\u00adki\u00adli Jon Ker\u00adri\u00adni\u0148 pa\u00adty\u00ad\u015fa\u00adly\u00adga sa\u00adpa\u00adryn\u00addan so\u0148 m\u00e4\u00adlim edil\u00addi.<br \/>\nIki d\u00f6w\u00adlet hem Pa\u00adri\u017e \u015fert\u00adna\u00adma\u00adsy\u00adny\u0148 \u00fde\u00adri\u00adne \u00fde\u00adti\u00adri\u00adli\u00ad\u015fi\u00adni g\u00fc\u00fd\u00e7\u00adlen\u00addir\u00admek bo\u00ad\u00fdun\u00ad\u00e7a i\u015f\u00adle\u00adri\u0148, G20 sam\u00admi\u00adti\u00adni\u0148 Rim\u00adde i\u015f\u00adje\u0148 gu\u00adral\u00adma\u00adgy\u00adna \u00fdar\u00addam ber\u00adme\u00adgi\u0148 we Glaz\u00adgo\u00adda Ho\u00adwa\u00adny\u0148 \u00fc\u00fdt\u00adge\u00adme\u00adgi ba\u00adra\u00adda\u00adky Bir\u00adle\u00ad\u015fen Mil\u00adlet\u00adler Gu\u00adra\u00adma\u00adsy\u00adny\u0148 26-njy kon\u00adfe\u00adren\u00adsi\u00ad\u00fda\u00adsy\u00adny\u0148 \u00fcs\u00adt\u00fcn\u00adlik\u00adli ge\u00ad\u00e7i\u00adril\u00adme\u00adgi\u00adne i\u015f\u00adje\u0148 go\u00ad\u015fant go\u015f\u00adma\u00adgy\u0148 m\u00f6\u00adh\u00fcm\u00addi\u00adgi\u00adni m\u00e4\u00adlim et\u00addi\u00adler.<br \/>\nSa\u00adud Ara\u00adbys\u00adta\u00adny we AB\u015e \u00fdy\u00adla\u00addy\u015f\u00adha\u00adna gaz\u00adla\u00adry\u00adny\u0148 zy\u00ad\u0148yn\u00addy\u00adla\u00adry\u00adny azalt\u00adma\u00adgy\u0148 we ho\u00adwa\u00adny\u0148 \u00fc\u00fdt\u00adge\u00adme\u00adgi\u00adni\u0148 has er\u00adbet t\u00e4\u00adsir\u00adle\u00adrin\u00adden ga\u00ad\u00e7a dur\u00admak \u00fc\u00e7in u\u00fd\u00adgun\u00adla\u015f\u00adma \u00e7\u00e4\u00adre\u00adle\u00adri\u00adni g\u00f6r\u00adme\u00adgi\u0148 m\u00f6\u00adh\u00fcm\u00addi\u00adgi\u00adni tas\u00adsyk\u00adla\u00addy\u00adlar.<br \/>\nBe\u00ad\u00fda\u00adna\u00adta g\u00f6\u00adr\u00e4, olar Sa\u00adud Ara\u00adbys\u00adta\u00adny\u00adny\u0148 \u00dda\u00ad\u015fyl ba\u015f\u00adlan\u00adgy\u00e7 we \u00dda\u00adkyn G\u00fcn\u00addo\u00adgar ba\u015f\u00adlan\u00adgy\u00adjy mak\u00adsat\u00adna\u00adma\u00adla\u00adry\u00adny\u0148 \u00e7\u00e4k\u00adle\u00adrin\u00adde i\u015f\u00adje\u0148 gol\u00addaw ber\u00admek, iki\u00adta\u00adrap\u00adla\u00ad\u00fdyn esas\u00adda hyz\u00admat\u00adda\u015f\u00adlyk et\u00admek, \u015fol san\u00adda, aras\u00adsa ener\u00adgi\u00ad\u00fda, dur\u00adnuk\u00adly oba ho\u00adja\u00adly\u00adgy we \u00fder\u00adden pe\u00fd\u00adda\u00adlan\u00admak bo\u00ad\u00fdun\u00ad\u00e7a bi\u00adle\u00adlik\u00adde i\u015f\u00adl\u00e4r\u00adler.<\/p>\n","protected":false},"excerpt":{"rendered":"<p>Sa\u00adud Ara\u00adbys\u00adta\u00adny ho\u00adwa\u00adny\u0148 \u00fc\u00fdt\u00adge\u00adme\u00adgi bi\u00adlen bag\u00adla\u00adny\u00ad\u015fyk\u00adly me\u00adse\u00adl\u00e4\u00adni \u00e7yn\u00adla\u00adka\u00fd we gys\u00adsag\u00adly \u00e7\u00f6z\u00adm\u00e4\u00adge ta\u00fd\u00ad\u00fdar\u00addy\u00adgy\u00adny m\u00e4\u00adlim et\u00addi. Sa\u00adud Ara\u00adbys\u00adta\u00adny\u00adny\u0148 ha\u00adbar gul\u00adlu\u00adgy\u00adny\u0148 bel\u00adle\u00adme\u00adgi\u00adne g\u00f6\u00adr\u00e4, bu ba\u00adra\u00adda AB\u015e-ny\u0148 Pre\u00adzi\u00adden\u00adti\u00adni\u0148 Ho\u00adwa bo\u00ad\u00fdun\u00ad\u00e7a \u00fd\u00f6\u00adri\u00adte we\u00adki\u00adli Jon Ker\u00adri\u00adni\u0148 pa\u00adty\u00ad\u015fa\u00adly\u00adga sa\u00adpa\u00adryn\u00addan so\u0148 m\u00e4\u00adlim edil\u00addi. Iki d\u00f6w\u00adlet hem Pa\u00adri\u017e \u015fert\u00adna\u00adma\u00adsy\u00adny\u0148 \u00fde\u00adri\u00adne \u00fde\u00adti\u00adri\u00adli\u00ad\u015fi\u00adni g\u00fc\u00fd\u00e7\u00adlen\u00addir\u00admek bo\u00ad\u00fdun\u00ad\u00e7a i\u015f\u00adle\u00adri\u0148, G20 sam\u00admi\u00adti\u00adni\u0148 Rim\u00adde i\u015f\u00adje\u0148 gu\u00adral\u00adma\u00adgy\u00adna \u00fdar\u00addam ber\u00adme\u00adgi\u0148 we Glaz\u00adgo\u00adda Ho\u00adwa\u00adny\u0148 [&hellip;]<\/p>\n","protected":false},"author":1,"featured_media":44747,"comment_status":"open","ping_status":"closed","sticky":false,"template":"","format":"standard","meta":{"footnotes":""},"categories":[5],"tags":[],"acf":[],"_links":{"self":[{"href":"https:\/\/zamanturkmenistan.com.tm\/index.php?rest_route=\/wp\/v2\/posts\/44746"}],"collection":[{"href":"https:\/\/zamanturkmenistan.com.tm\/index.php?rest_route=\/wp\/v2\/posts"}],"about":[{"href":"https:\/\/zamanturkmenistan.com.tm\/index.php?rest_route=\/wp\/v2\/types\/post"}],"author":[{"embeddable":true,"href":"https:\/\/zamanturkmenistan.com.tm\/index.php?rest_route=\/wp\/v2\/users\/1"}],"replies":[{"embeddable":true,"href":"https:\/\/zamanturkmenistan.com.tm\/index.php?rest_route=%2Fwp%2Fv2%2Fcomments&post=44746"}],"version-history":[{"count":0,"href":"https:\/\/zamanturkmenistan.com.tm\/index.php?rest_route=\/wp\/v2\/posts\/44746\/revisions"}],"wp:featuredmedia":[{"embeddable":true,"href":"https:\/\/zamanturkmenistan.com.tm\/index.php?rest_route=\/wp\/v2\/media\/44747"}],"wp:attachment":[{"href":"https:\/\/zamanturkmenistan.com.tm\/index.php?rest_route=%2Fwp%2Fv2%2Fmedia&parent=44746"}],"wp:term":[{"taxonomy":"category","embeddable":true,"href":"https:\/\/zamanturkmenistan.com.tm\/index.php?rest_route=%2Fwp%2Fv2%2Fcategories&post=44746"},{"taxonomy":"post_tag","embeddable":true,"href":"https:\/\/zamanturkmenistan.com.tm\/index.php?rest_route=%2Fwp%2Fv2%2Ftags&post=44746"}],"curies":[{"name":"wp","href":"https:\/\/api.w.org\/{rel}","templated":true}]}}