{"id":44760,"date":"2021-06-25T11:22:08","date_gmt":"2021-06-25T06:22:08","guid":{"rendered":"https:\/\/zamanturkmenistan.com.tm\/?p=44760"},"modified":"2021-06-25T11:22:08","modified_gmt":"2021-06-25T06:22:08","slug":"farapda-cagalar-dunyasi-acyldy","status":"publish","type":"post","link":"https:\/\/zamanturkmenistan.com.tm\/?p=44760","title":{"rendered":"Farapda \u201c\u00c7agalar d\u00fcn\u00fd\u00e4si\u201d a\u00e7yldy"},"content":{"rendered":"<p>24-nji i\u00fdunda Lebap wela\u00fdatyny\u0148 Farap etrabyny\u0148 Farap \u015f\u00e4herinde \u201c\u00c7agalar d\u00fcn\u00fd\u00e4si\u201d \u00e7agalar medeni-dyn\u00e7 aly\u015f merkezini\u0148 a\u00e7yly\u015f dabarasy boldy. \u00ddurdumyzy\u0148 sebitlerini\u0148 durmu\u015f-ykdysady ta\u00fddan hemmetarapla\u00fdyn \u00f6s\u00fc\u015fi we \u00e4hli ugurlarda durnukly \u00fdagda\u00fdy\u0148 saklanmagy bilen baglany\u015fykly meseleler hormatly Prezidentimizi\u0148 hemi\u015fe \u00fcns merkezinde saklan\u00fdar. D\u00f6wlet Ba\u015ftutanymyzy\u0148 Lebap wela\u00fdatyna bolan i\u015f saparyny\u0148 \u00e7\u00e4klerinde Kerki \u015f\u00e4herinde Halkara howa menzilini, wela\u00fdaty\u0148 edara edi\u015f merkezi bolan T\u00fcrkmenabat \u015f\u00e4herini\u0148 t\u00e4ze binag\u00e4rlik ke\u015fbine \u00f6wr\u00fclen \u201cT\u00fcrkmeni\u0148 ak \u00f6\u00fdi\u201d binasyny ulanmaga bermek dabaralar munu\u0148 a\u00fddy\u0148 subutnamasydyr. \u00ddurdumyzy\u0148 g\u00fcndogar sebitinde \u015fu g\u00fcnler milli Liderimizi\u0148 ba\u015flangyjy bo\u00fdun\u00e7a her \u00fdylda ge\u00e7iril\u00fd\u00e4n we halkymyzy\u0148 k\u00f6p\u00f6w\u00fc\u015fginli medeni\u00fdetini\u0148 \u00f6sd\u00fcrilmegini, ruhy ta\u00fddan galkynmagyny \u015fertlendir\u00fd\u00e4n Medeni\u00fdet hepdeligini\u0148 uly \u00fcst\u00fcnlik bilen ge\u00e7\u00fd\u00e4ndigini bellemek gerek.<\/p>\n<p>1,5 gektar me\u00fddany e\u00fdele\u00fd\u00e4n toplumda k\u00f6rpeleri\u0148 dyn\u00e7 almaklary, wagtlaryny pe\u00fddaly ge\u00e7irmekleri we saglyklaryny berkitmekleri \u00fc\u00e7in \u00e4hli zerur \u015fertler d\u00f6redildi. \u201c\u00c7agalar d\u00fcn\u00fd\u00e4si\u201d toplumyny T\u00fcrkmenabady\u0148 \u201cDemirbeton\u00f6n\u00fcmleri\u201d k\u00e4rhanasyny\u0148 bu\u00fdurmasy esasynda \u201cJem\u015fidi\u0148 jamy\u201d hususy k\u00e4rhanasyny\u0148 gurlu\u015fyk\u00e7ylary bina etdiler.<\/p>\n<p>Merkezi\u0148 \u00e7\u00e4ginde attraksionlary\u0148 11-si, o\u00fdun enjamlary zaly, 46 orunlyk \u00e7a\u00fdhana we iki s\u00f6wda d\u00fckany bar. Belent baglary\u0148 sa\u00fdasynda go\u00fdlan amatly oturgy\u00e7lar bu \u00fdere gel\u00fd\u00e4nleri\u0148 o\u0148a\u00fdly dyn\u00e7 al\u015fyny \u00fcpj\u00fcn ed\u00fd\u00e4r. Toplumy d\u00f6wrebap derejede enjamla\u015fdyrmak i\u015fi dowam ed\u00fd\u00e4r. \u00ddakyn wagtda bu \u00fderde d\u00fcrli g\u00f6rn\u00fc\u015fli hi\u0148\u0148ildikler, awtodrom we be\u00fdleki ugurda\u015f desgalar gurlar.<\/p>\n<p>Bu \u00fderd\u00e4ki edara edi\u015f binasynda i\u015fg\u00e4rleri\u0148 netijeli i\u015flemegi \u00fc\u00e7in \u00e4hli zerur \u015fertler d\u00f6redildi. Doly abadanla\u015fdyrylan toplumy\u0148 y\u015fyklandyry\u015f ulgamy t\u00e4ze merkezi\u0148 ag\u015famky g\u00f6rn\u00fc\u015flerini has-da g\u00f6zelle\u015fdir\u00fd\u00e4r.<\/p>\n","protected":false},"excerpt":{"rendered":"<p>24-nji i\u00fdunda Lebap wela\u00fdatyny\u0148 Farap etrabyny\u0148 Farap \u015f\u00e4herinde \u201c\u00c7agalar d\u00fcn\u00fd\u00e4si\u201d \u00e7agalar medeni-dyn\u00e7 aly\u015f merkezini\u0148 a\u00e7yly\u015f dabarasy boldy. \u00ddurdumyzy\u0148 sebitlerini\u0148 durmu\u015f-ykdysady ta\u00fddan hemmetarapla\u00fdyn \u00f6s\u00fc\u015fi we \u00e4hli ugurlarda durnukly \u00fdagda\u00fdy\u0148 saklanmagy bilen baglany\u015fykly meseleler hormatly Prezidentimizi\u0148 hemi\u015fe \u00fcns merkezinde saklan\u00fdar. D\u00f6wlet Ba\u015ftutanymyzy\u0148 Lebap wela\u00fdatyna bolan i\u015f saparyny\u0148 \u00e7\u00e4klerinde Kerki \u015f\u00e4herinde Halkara howa menzilini, wela\u00fdaty\u0148 edara edi\u015f merkezi [&hellip;]<\/p>\n","protected":false},"author":2,"featured_media":44761,"comment_status":"open","ping_status":"closed","sticky":false,"template":"","format":"standard","meta":{"footnotes":""},"categories":[3],"tags":[1314,1313],"acf":[],"_links":{"self":[{"href":"https:\/\/zamanturkmenistan.com.tm\/index.php?rest_route=\/wp\/v2\/posts\/44760"}],"collection":[{"href":"https:\/\/zamanturkmenistan.com.tm\/index.php?rest_route=\/wp\/v2\/posts"}],"about":[{"href":"https:\/\/zamanturkmenistan.com.tm\/index.php?rest_route=\/wp\/v2\/types\/post"}],"author":[{"embeddable":true,"href":"https:\/\/zamanturkmenistan.com.tm\/index.php?rest_route=\/wp\/v2\/users\/2"}],"replies":[{"embeddable":true,"href":"https:\/\/zamanturkmenistan.com.tm\/index.php?rest_route=%2Fwp%2Fv2%2Fcomments&post=44760"}],"version-history":[{"count":0,"href":"https:\/\/zamanturkmenistan.com.tm\/index.php?rest_route=\/wp\/v2\/posts\/44760\/revisions"}],"wp:featuredmedia":[{"embeddable":true,"href":"https:\/\/zamanturkmenistan.com.tm\/index.php?rest_route=\/wp\/v2\/media\/44761"}],"wp:attachment":[{"href":"https:\/\/zamanturkmenistan.com.tm\/index.php?rest_route=%2Fwp%2Fv2%2Fmedia&parent=44760"}],"wp:term":[{"taxonomy":"category","embeddable":true,"href":"https:\/\/zamanturkmenistan.com.tm\/index.php?rest_route=%2Fwp%2Fv2%2Fcategories&post=44760"},{"taxonomy":"post_tag","embeddable":true,"href":"https:\/\/zamanturkmenistan.com.tm\/index.php?rest_route=%2Fwp%2Fv2%2Ftags&post=44760"}],"curies":[{"name":"wp","href":"https:\/\/api.w.org\/{rel}","templated":true}]}}