{"id":44809,"date":"2021-06-28T10:09:36","date_gmt":"2021-06-28T05:09:36","guid":{"rendered":"https:\/\/zamanturkmenistan.com.tm\/?p=44809"},"modified":"2021-06-28T10:09:36","modified_gmt":"2021-06-28T05:09:36","slug":"hytaydan-covid-19-sanjymy-alnar","status":"publish","type":"post","link":"https:\/\/zamanturkmenistan.com.tm\/?p=44809","title":{"rendered":"Hyta\u00fddan \u201cCOVID-19\u201d sanjymy alnar"},"content":{"rendered":"<p>T\u00fcrkmenistany\u0148 Saglygy gora\u00fdy\u015f we derman senagaty ministrligi Hyta\u00fddan \u201cCOVID-19\u201d \u00fdokanjyna gar\u015fy sanjym satyn alar. Bu barada hormatly Prezidentimiz degi\u015fli Karara gol \u00e7ekdi.<\/p>\n<p>Berkarar d\u00f6wletimizi\u0148 bagty\u00fdarlyk d\u00f6wr\u00fcnde ilaty\u0148 saglygyny berkitmek we \u00fdokan\u00e7 keselleri\u0148 \u00f6\u0148\u00fcni almak bo\u00fdun\u00e7a ge\u00e7iril\u00fd\u00e4n i\u015fleri has-da g\u00fc\u00fd\u00e7lendirmek maksady bilen, T\u00fcrkmenistany\u0148 Prezidenti Karara gol \u00e7ekdi. Resminama la\u00fdyklykda, T\u00fcrkmenistany\u0148 Saglygy gora\u00fdy\u015f we derman senagaty ministrligine COVID-19 \u00fdokanjyna gar\u015fy waksinany\u0148 1 million 500 m\u00fc\u0148 dozasyny satyn almak barada Hyta\u00fd Halk Respublikasyny\u0148 \u201cChina National Biotec Group Company Limited\u201d (\u00abSinopharm\u00bb) kompani\u00fdasy bilen \u015fertnamany bagla\u015fmaga ygty\u00fdar berildi.<\/p>\n","protected":false},"excerpt":{"rendered":"<p>T\u00fcrkmenistany\u0148 Saglygy gora\u00fdy\u015f we derman senagaty ministrligi Hyta\u00fddan \u201cCOVID-19\u201d \u00fdokanjyna gar\u015fy sanjym satyn alar. Bu barada hormatly Prezidentimiz degi\u015fli Karara gol \u00e7ekdi. Berkarar d\u00f6wletimizi\u0148 bagty\u00fdarlyk d\u00f6wr\u00fcnde ilaty\u0148 saglygyny berkitmek we \u00fdokan\u00e7 keselleri\u0148 \u00f6\u0148\u00fcni almak bo\u00fdun\u00e7a ge\u00e7iril\u00fd\u00e4n i\u015fleri has-da g\u00fc\u00fd\u00e7lendirmek maksady bilen, T\u00fcrkmenistany\u0148 Prezidenti Karara gol \u00e7ekdi. Resminama la\u00fdyklykda, T\u00fcrkmenistany\u0148 Saglygy gora\u00fdy\u015f we derman senagaty ministrligine [&hellip;]<\/p>\n","protected":false},"author":2,"featured_media":44810,"comment_status":"open","ping_status":"closed","sticky":false,"template":"","format":"standard","meta":{"footnotes":""},"categories":[3],"tags":[],"acf":[],"_links":{"self":[{"href":"https:\/\/zamanturkmenistan.com.tm\/index.php?rest_route=\/wp\/v2\/posts\/44809"}],"collection":[{"href":"https:\/\/zamanturkmenistan.com.tm\/index.php?rest_route=\/wp\/v2\/posts"}],"about":[{"href":"https:\/\/zamanturkmenistan.com.tm\/index.php?rest_route=\/wp\/v2\/types\/post"}],"author":[{"embeddable":true,"href":"https:\/\/zamanturkmenistan.com.tm\/index.php?rest_route=\/wp\/v2\/users\/2"}],"replies":[{"embeddable":true,"href":"https:\/\/zamanturkmenistan.com.tm\/index.php?rest_route=%2Fwp%2Fv2%2Fcomments&post=44809"}],"version-history":[{"count":0,"href":"https:\/\/zamanturkmenistan.com.tm\/index.php?rest_route=\/wp\/v2\/posts\/44809\/revisions"}],"wp:featuredmedia":[{"embeddable":true,"href":"https:\/\/zamanturkmenistan.com.tm\/index.php?rest_route=\/wp\/v2\/media\/44810"}],"wp:attachment":[{"href":"https:\/\/zamanturkmenistan.com.tm\/index.php?rest_route=%2Fwp%2Fv2%2Fmedia&parent=44809"}],"wp:term":[{"taxonomy":"category","embeddable":true,"href":"https:\/\/zamanturkmenistan.com.tm\/index.php?rest_route=%2Fwp%2Fv2%2Fcategories&post=44809"},{"taxonomy":"post_tag","embeddable":true,"href":"https:\/\/zamanturkmenistan.com.tm\/index.php?rest_route=%2Fwp%2Fv2%2Ftags&post=44809"}],"curies":[{"name":"wp","href":"https:\/\/api.w.org\/{rel}","templated":true}]}}