{"id":45004,"date":"2021-07-01T20:57:57","date_gmt":"2021-07-01T15:57:57","guid":{"rendered":"https:\/\/zamanturkmenistan.com.tm\/?p=45004"},"modified":"2021-07-02T15:49:13","modified_gmt":"2021-07-02T10:49:13","slug":"sozi-manysy-bilen-owrenelin-15","status":"publish","type":"post","link":"https:\/\/zamanturkmenistan.com.tm\/?p=45004","title":{"rendered":"S\u00f6zi manysy bilen \u00f6wreneli\u0148!"},"content":{"rendered":"<p>S\u00f6z\u00fc\u0148 g\u00fc\u00fdji. T\u00fcrkmen hal\u00adky\u00adny\u0148 \u00fda\u00ad\u015fa\u00ad\u00fdy\u015f-dur\u00admu\u00ad\u015fy bi\u00adlen bag\u00adly d\u00f6\u00adre\u00addi\u00adlen bu na\u00adkyl\u00adda ylym-bilim al\u00admak, \u00fdag\u00adny oka\u00admak ha\u00adkyn\u00adda s\u00f6z a\u00e7yl\u00ad\u00fdar. S\u00f6z ada\u00adma t\u00e4\u00adsir edi\u00adji, d\u00fcr\u00adli ta\u00adra\u00adpa ug\u00adruk\u00addy\u00adryjy uly g\u00fc\u00fd\u00e7\u00add\u00fcr.<br \/>\nG\u00fc\u00fd\u00e7 bi\u00adlen he\u00adre\u00adket edil\u00adse-de, s\u00f6z bi\u00adlen onu\u0148 \u00f6\u0148\u00fc\u00adni alyp, pa\u00adra\u00adhat\u00ad\u00e7y\u00adly\u00adgy sak\u00adlap bol\u00ad\u00fdar. Ta\u00adryh\u00addan bil\u00ad\u015fi\u00admiz \u00fda\u00adly, gap\u00adma-gar\u00ad\u015fy\u00adlyk\u00adlar \u00fd\u00fc\u00adze \u00e7y\u00adkan\u00adda il\u00ad\u00e7i ug\u00adrat\u00admak ar\u00adka\u00adly g\u00fcr\u00adr\u00fc\u0148\u00adde\u015f\u00adlik esa\u00adsyn\u00adda ara\u00adlyk bir \u00fdag\u00adda\u00ad\u00fda gel\u00admek \u00fc\u00e7in t\u00f6\u00adwel\u00adla edil\u00ad\u00fd\u00e4r, \u00f6za\u00adra g\u00fcr\u00adr\u00fc\u0148\u00adde\u015f\u00adlik\u00adler asu\u00adda\u00adlyk\u00adda \u00e7\u00f6\u00adz\u00fcl\u00ad\u00fd\u00e4r.<br \/>\nNa\u00adkyl\u00adda g\u00fc\u00fd\u00adje g\u00f6\u00adr\u00e4 aky\u00adly has i\u015f\u00adje\u0148 ulan\u00adma\u00adly\u00addy\u00adgy, her bir \u00fdag\u00adda\u00fd\u00addan sa\u00adda s\u00f6z\u00adl\u00fc\u00adlik bi\u00adlen ba\u015f alyp \u00e7yk\u00adma\u00adly\u00addy\u00adgy, k\u00f6p oka\u00adma\u00adly\u00addy\u00adgy, g\u00fc\u00fd\u00e7, ga\u00adhar-ga\u00adzap bi\u00adlen gar\u00ad\u015fy\u00ad\u0148a \u00e7y\u00adkan ada\u00admy, my\u00adla\u00ad\u00fdym\u00adlyk, s\u00fc\u00fd\u00adji s\u00f6z\u00adl\u00fc\u00adlik bi\u00adlen \u00fdum\u00ad\u015fa\u00addyp, da\u00adwa-jen\u00adje\u00adli\u0148 \u00f6\u0148\u00fc\u00adni alyp bol\u00ad\u00fdan\u00addy\u00adgy be\u00ad\u00fdan edil\u00ad\u00fd\u00e4r. Na\u00adky\u00adla ma\u00adny\u00adda\u015f se\u00adtir\u00adle\u00adre ser sa\u00adla\u00adly\u0148:<\/p>\n<p>Ga\u00adlam gy\u00adly\u00e7\u00addan \u00fdi\u00adti\u00addir.<br \/>\nGalamy\u0148 \u00fdazanyny gyly\u00e7 bozup bilmez.<br \/>\nBilegi zor birini \u00fdykar, bilimi zor \u2013 m\u00fc\u0148\u00fcni.<\/p>\n","protected":false},"excerpt":{"rendered":"<p>S\u00f6z\u00fc\u0148 g\u00fc\u00fdji. T\u00fcrkmen hal\u00adky\u00adny\u0148 \u00fda\u00ad\u015fa\u00ad\u00fdy\u015f-dur\u00admu\u00ad\u015fy bi\u00adlen bag\u00adly d\u00f6\u00adre\u00addi\u00adlen bu na\u00adkyl\u00adda ylym-bilim al\u00admak, \u00fdag\u00adny oka\u00admak ha\u00adkyn\u00adda s\u00f6z a\u00e7yl\u00ad\u00fdar. S\u00f6z ada\u00adma t\u00e4\u00adsir edi\u00adji, d\u00fcr\u00adli ta\u00adra\u00adpa ug\u00adruk\u00addy\u00adryjy uly g\u00fc\u00fd\u00e7\u00add\u00fcr. G\u00fc\u00fd\u00e7 bi\u00adlen he\u00adre\u00adket edil\u00adse-de, s\u00f6z bi\u00adlen onu\u0148 \u00f6\u0148\u00fc\u00adni alyp, pa\u00adra\u00adhat\u00ad\u00e7y\u00adly\u00adgy sak\u00adlap bol\u00ad\u00fdar. Ta\u00adryh\u00addan bil\u00ad\u015fi\u00admiz \u00fda\u00adly, gap\u00adma-gar\u00ad\u015fy\u00adlyk\u00adlar \u00fd\u00fc\u00adze \u00e7y\u00adkan\u00adda il\u00ad\u00e7i ug\u00adrat\u00admak ar\u00adka\u00adly g\u00fcr\u00adr\u00fc\u0148\u00adde\u015f\u00adlik esa\u00adsyn\u00adda ara\u00adlyk bir \u00fdag\u00adda\u00ad\u00fda gel\u00admek \u00fc\u00e7in t\u00f6\u00adwel\u00adla [&hellip;]<\/p>\n","protected":false},"author":1,"featured_media":23533,"comment_status":"open","ping_status":"closed","sticky":false,"template":"","format":"standard","meta":{"footnotes":""},"categories":[9],"tags":[],"acf":[],"_links":{"self":[{"href":"https:\/\/zamanturkmenistan.com.tm\/index.php?rest_route=\/wp\/v2\/posts\/45004"}],"collection":[{"href":"https:\/\/zamanturkmenistan.com.tm\/index.php?rest_route=\/wp\/v2\/posts"}],"about":[{"href":"https:\/\/zamanturkmenistan.com.tm\/index.php?rest_route=\/wp\/v2\/types\/post"}],"author":[{"embeddable":true,"href":"https:\/\/zamanturkmenistan.com.tm\/index.php?rest_route=\/wp\/v2\/users\/1"}],"replies":[{"embeddable":true,"href":"https:\/\/zamanturkmenistan.com.tm\/index.php?rest_route=%2Fwp%2Fv2%2Fcomments&post=45004"}],"version-history":[{"count":0,"href":"https:\/\/zamanturkmenistan.com.tm\/index.php?rest_route=\/wp\/v2\/posts\/45004\/revisions"}],"wp:featuredmedia":[{"embeddable":true,"href":"https:\/\/zamanturkmenistan.com.tm\/index.php?rest_route=\/wp\/v2\/media\/23533"}],"wp:attachment":[{"href":"https:\/\/zamanturkmenistan.com.tm\/index.php?rest_route=%2Fwp%2Fv2%2Fmedia&parent=45004"}],"wp:term":[{"taxonomy":"category","embeddable":true,"href":"https:\/\/zamanturkmenistan.com.tm\/index.php?rest_route=%2Fwp%2Fv2%2Fcategories&post=45004"},{"taxonomy":"post_tag","embeddable":true,"href":"https:\/\/zamanturkmenistan.com.tm\/index.php?rest_route=%2Fwp%2Fv2%2Ftags&post=45004"}],"curies":[{"name":"wp","href":"https:\/\/api.w.org\/{rel}","templated":true}]}}