{"id":45108,"date":"2021-07-06T11:47:06","date_gmt":"2021-07-06T06:47:06","guid":{"rendered":"https:\/\/zamanturkmenistan.com.tm\/?p=45108"},"modified":"2021-07-06T11:47:06","modified_gmt":"2021-07-06T06:47:06","slug":"cage-heykellerinin-sergisi","status":"publish","type":"post","link":"https:\/\/zamanturkmenistan.com.tm\/?p=45108","title":{"rendered":"\u00c7\u00e4\u00adge he\u00fd\u00adkel\u00adle\u00adri\u00adni\u0148 ser\u00adgi\u00adsi"},"content":{"rendered":"<p>G\u00fcl\u00adle\u00adri we be\u00fd\u00adle\u00adki \u00f6s\u00fcm\u00adlik\u00adle\u00adri \u015fe\u00adkil\u00adlen\u00addir\u00ad\u00fd\u00e4n \u00e7\u00e4\u00adge\u00adden \u00fda\u00adsa\u00adlan he\u00fd\u00adkel\u00adler Ger\u00adma\u00adni\u00ad\u00fda\u00adny\u0148 L\u00fdud\u00adwigs\u00adburg \u015f\u00e4\u00adhe\u00adrin\u00adde her \u00fdy\u00adly\u0148 3-nji i\u00fdu\u00adlyn\u00adda a\u00e7yl\u00ad\u00fdan \u00e7\u00e4\u00adge sun\u00adga\u00adty ser\u00adgi\u00adsin\u00adde g\u00f6r\u00adke\u00adzil\u00ad\u00fd\u00e4r. Ola\u00adry\u0148 k\u00f6\u00adp\u00fc\u00adsi e\u00fd\u00ad\u00fd\u00e4m ta\u00fd\u00ad\u00fdar edi\u00adlip, aw\u00adgus\u00adty\u0148 ahy\u00adry\u00adna \u00e7en\u00adli \u00fde\u00adne-de k\u00f6p san\u00adly t\u00e4\u00adze eser\u00adle\u00adri\u0148 g\u00f6r\u00adke\u00adzil\u00adjek\u00addi\u00adgi ha\u00adbar be\u00adril\u00ad\u00fd\u00e4r. Ser\u00adgi \u00abT\u00e4\u00adsir\u00adli \u00f6s\u00fcm\u00adlik\u00bb di\u00fd\u00adlip at\u00adlan\u00addy\u00adryl\u00ad\u00fdar. \u00c7\u00e4\u00adge sun\u00adga\u00adty\u00adny\u0148 us\u00adsat\u00adla\u00adry\u00adny\u0148 eser\u00adle\u00adri\u00adni\u0148 ara\u00adsyn\u00adda ada\u00admy\u0148 he\u00fd\u00adke\u00adli, tro\u00adpi\u00adki ada, d\u00fcr\u00adli mi\u00adwe\u00adler we bak\u00adja \u00f6n\u00fcm\u00adle\u00adri g\u00f6\u00adze il\u00ad\u00fd\u00e4r. Bu \u00fde\u00adre gel\u00ad\u00fd\u00e4n\u00adle\u00adri\u0148 k\u00f6p bol\u00adma\u00adgy\u00adna ga\u00adra\u00ad\u015fyl\u00ad\u00fdar.<\/p>\n","protected":false},"excerpt":{"rendered":"<p>G\u00fcl\u00adle\u00adri we be\u00fd\u00adle\u00adki \u00f6s\u00fcm\u00adlik\u00adle\u00adri \u015fe\u00adkil\u00adlen\u00addir\u00ad\u00fd\u00e4n \u00e7\u00e4\u00adge\u00adden \u00fda\u00adsa\u00adlan he\u00fd\u00adkel\u00adler Ger\u00adma\u00adni\u00ad\u00fda\u00adny\u0148 L\u00fdud\u00adwigs\u00adburg \u015f\u00e4\u00adhe\u00adrin\u00adde her \u00fdy\u00adly\u0148 3-nji i\u00fdu\u00adlyn\u00adda a\u00e7yl\u00ad\u00fdan \u00e7\u00e4\u00adge sun\u00adga\u00adty ser\u00adgi\u00adsin\u00adde g\u00f6r\u00adke\u00adzil\u00ad\u00fd\u00e4r. Ola\u00adry\u0148 k\u00f6\u00adp\u00fc\u00adsi e\u00fd\u00ad\u00fd\u00e4m ta\u00fd\u00ad\u00fdar edi\u00adlip, aw\u00adgus\u00adty\u0148 ahy\u00adry\u00adna \u00e7en\u00adli \u00fde\u00adne-de k\u00f6p san\u00adly t\u00e4\u00adze eser\u00adle\u00adri\u0148 g\u00f6r\u00adke\u00adzil\u00adjek\u00addi\u00adgi ha\u00adbar be\u00adril\u00ad\u00fd\u00e4r. Ser\u00adgi \u00abT\u00e4\u00adsir\u00adli \u00f6s\u00fcm\u00adlik\u00bb di\u00fd\u00adlip at\u00adlan\u00addy\u00adryl\u00ad\u00fdar. \u00c7\u00e4\u00adge sun\u00adga\u00adty\u00adny\u0148 us\u00adsat\u00adla\u00adry\u00adny\u0148 eser\u00adle\u00adri\u00adni\u0148 ara\u00adsyn\u00adda ada\u00admy\u0148 he\u00fd\u00adke\u00adli, tro\u00adpi\u00adki ada, d\u00fcr\u00adli mi\u00adwe\u00adler we bak\u00adja \u00f6n\u00fcm\u00adle\u00adri [&hellip;]<\/p>\n","protected":false},"author":2,"featured_media":45109,"comment_status":"open","ping_status":"closed","sticky":false,"template":"","format":"standard","meta":{"footnotes":""},"categories":[5],"tags":[],"acf":[],"_links":{"self":[{"href":"https:\/\/zamanturkmenistan.com.tm\/index.php?rest_route=\/wp\/v2\/posts\/45108"}],"collection":[{"href":"https:\/\/zamanturkmenistan.com.tm\/index.php?rest_route=\/wp\/v2\/posts"}],"about":[{"href":"https:\/\/zamanturkmenistan.com.tm\/index.php?rest_route=\/wp\/v2\/types\/post"}],"author":[{"embeddable":true,"href":"https:\/\/zamanturkmenistan.com.tm\/index.php?rest_route=\/wp\/v2\/users\/2"}],"replies":[{"embeddable":true,"href":"https:\/\/zamanturkmenistan.com.tm\/index.php?rest_route=%2Fwp%2Fv2%2Fcomments&post=45108"}],"version-history":[{"count":0,"href":"https:\/\/zamanturkmenistan.com.tm\/index.php?rest_route=\/wp\/v2\/posts\/45108\/revisions"}],"wp:featuredmedia":[{"embeddable":true,"href":"https:\/\/zamanturkmenistan.com.tm\/index.php?rest_route=\/wp\/v2\/media\/45109"}],"wp:attachment":[{"href":"https:\/\/zamanturkmenistan.com.tm\/index.php?rest_route=%2Fwp%2Fv2%2Fmedia&parent=45108"}],"wp:term":[{"taxonomy":"category","embeddable":true,"href":"https:\/\/zamanturkmenistan.com.tm\/index.php?rest_route=%2Fwp%2Fv2%2Fcategories&post=45108"},{"taxonomy":"post_tag","embeddable":true,"href":"https:\/\/zamanturkmenistan.com.tm\/index.php?rest_route=%2Fwp%2Fv2%2Ftags&post=45108"}],"curies":[{"name":"wp","href":"https:\/\/api.w.org\/{rel}","templated":true}]}}