{"id":45300,"date":"2021-07-07T11:43:41","date_gmt":"2021-07-07T06:43:41","guid":{"rendered":"https:\/\/zamanturkmenistan.com.tm\/?p=45300"},"modified":"2021-07-09T11:44:18","modified_gmt":"2021-07-09T06:44:18","slug":"turkmenistanyn-ilcisi-polsa-respublikasynyn-prezidentine-ynanc-hatlaryny-gowsurdy","status":"publish","type":"post","link":"https:\/\/zamanturkmenistan.com.tm\/?p=45300","title":{"rendered":"T\u00fcrkmenistany\u0148 il\u00e7isi Pol\u015fa Respublikasyny\u0148 Prezidentine Ynan\u00e7 hatlaryny gow\u015furdy"},"content":{"rendered":"<p>6-njy i\u00fdulda T\u00fcrkmenistany\u0148 Germani\u00fda Federatiw Respublikasyndaky Adatdan da\u015fary we Doly ygty\u00fdarly Il\u00e7isi Berdimyrat Rejepow War\u015fawa \u015f\u00e4herini\u0148 \u201cBelweder\u201d k\u00f6\u015fg\u00fcnde Pol\u015fa Respublikasyny\u0148 Prezidenti Anje\u00fd Duda T\u00fcrkmenistany\u0148 Pol\u015fa Respublikasyndaky Adatdan da\u015fary we Doly ygty\u00fdarly Il\u00e7isi (otur\u00fdan \u00fderi Berlin \u015f\u00e4heri) h\u00f6km\u00fcnde \u00f6z\u00fcni\u0148 ynan\u00e7 hatlaryny gow\u015furdy.<\/p>\n<p>Dabarany\u0148 dowamynda Il\u00e7i T\u00fcrkmenistany\u0148 Prezidenti Gurbanguly Berdimuhamedowy\u0148 Pol\u015fa Respublikasyny\u0148 Prezidentini\u0148 adyna \u00fdollan gyzgyn salamlaryny we i\u0148 gowy arzuwlaryny \u00fdetirdi.<\/p>\n<p>Du\u015fu\u015fykda Pol\u015fa Respublikasyny\u0148 Prezidenti Anje\u00fd Duda T\u00fcrkmenistany\u0148 Prezidenti Gurbanguly Berdimuhamedowy\u0148 adyndan a\u00fddylan m\u00e4hirli s\u00f6zleri \u00fc\u00e7in minnetdarlyk bildirip, \u00f6z nobatynda T\u00fcrkmenistany\u0148 Prezidentine we halkyna parahat\u00e7ylyk we g\u00fcll\u00e4p \u00f6s\u00fc\u015f ugrundaky i\u0148 gowy arzuwlaryny \u00fdetirmegi sorady.<\/p>\n","protected":false},"excerpt":{"rendered":"<p>6-njy i\u00fdulda T\u00fcrkmenistany\u0148 Germani\u00fda Federatiw Respublikasyndaky Adatdan da\u015fary we Doly ygty\u00fdarly Il\u00e7isi Berdimyrat Rejepow War\u015fawa \u015f\u00e4herini\u0148 \u201cBelweder\u201d k\u00f6\u015fg\u00fcnde Pol\u015fa Respublikasyny\u0148 Prezidenti Anje\u00fd Duda T\u00fcrkmenistany\u0148 Pol\u015fa Respublikasyndaky Adatdan da\u015fary we Doly ygty\u00fdarly Il\u00e7isi (otur\u00fdan \u00fderi Berlin \u015f\u00e4heri) h\u00f6km\u00fcnde \u00f6z\u00fcni\u0148 ynan\u00e7 hatlaryny gow\u015furdy. Dabarany\u0148 dowamynda Il\u00e7i T\u00fcrkmenistany\u0148 Prezidenti Gurbanguly Berdimuhamedowy\u0148 Pol\u015fa Respublikasyny\u0148 Prezidentini\u0148 adyna \u00fdollan gyzgyn salamlaryny [&hellip;]<\/p>\n","protected":false},"author":2,"featured_media":45301,"comment_status":"open","ping_status":"closed","sticky":false,"template":"","format":"standard","meta":{"footnotes":""},"categories":[3],"tags":[],"acf":[],"_links":{"self":[{"href":"https:\/\/zamanturkmenistan.com.tm\/index.php?rest_route=\/wp\/v2\/posts\/45300"}],"collection":[{"href":"https:\/\/zamanturkmenistan.com.tm\/index.php?rest_route=\/wp\/v2\/posts"}],"about":[{"href":"https:\/\/zamanturkmenistan.com.tm\/index.php?rest_route=\/wp\/v2\/types\/post"}],"author":[{"embeddable":true,"href":"https:\/\/zamanturkmenistan.com.tm\/index.php?rest_route=\/wp\/v2\/users\/2"}],"replies":[{"embeddable":true,"href":"https:\/\/zamanturkmenistan.com.tm\/index.php?rest_route=%2Fwp%2Fv2%2Fcomments&post=45300"}],"version-history":[{"count":0,"href":"https:\/\/zamanturkmenistan.com.tm\/index.php?rest_route=\/wp\/v2\/posts\/45300\/revisions"}],"wp:featuredmedia":[{"embeddable":true,"href":"https:\/\/zamanturkmenistan.com.tm\/index.php?rest_route=\/wp\/v2\/media\/45301"}],"wp:attachment":[{"href":"https:\/\/zamanturkmenistan.com.tm\/index.php?rest_route=%2Fwp%2Fv2%2Fmedia&parent=45300"}],"wp:term":[{"taxonomy":"category","embeddable":true,"href":"https:\/\/zamanturkmenistan.com.tm\/index.php?rest_route=%2Fwp%2Fv2%2Fcategories&post=45300"},{"taxonomy":"post_tag","embeddable":true,"href":"https:\/\/zamanturkmenistan.com.tm\/index.php?rest_route=%2Fwp%2Fv2%2Ftags&post=45300"}],"curies":[{"name":"wp","href":"https:\/\/api.w.org\/{rel}","templated":true}]}}