{"id":45337,"date":"2021-07-10T09:52:53","date_gmt":"2021-07-10T04:52:53","guid":{"rendered":"https:\/\/zamanturkmenistan.com.tm\/?p=45337"},"modified":"2021-07-10T09:52:53","modified_gmt":"2021-07-10T04:52:53","slug":"halkara-gatnasyklary-institutynda-taze-bolumler-acyldy","status":"publish","type":"post","link":"https:\/\/zamanturkmenistan.com.tm\/?p=45337","title":{"rendered":"Halkara gatna\u015fyklary institutynda t\u00e4ze b\u00f6l\u00fcmler a\u00e7yldy"},"content":{"rendered":"<p><em>T\u00fcrkmenistany\u0148 Prezidenti Karara gol \u00e7ekdi. Resminama la\u00fdyklykda, Da\u015fary i\u015fler ministrligini\u0148 Halkara gatna\u015fyklary institutyny\u0148 gurlu\u015fy tassyklanyldy.<\/em><\/p>\n<p>Berkarar d\u00f6wletimizi\u0148 bagty\u00fdarlyk d\u00f6wr\u00fcnde bilim babatda alnyp baryl\u00fdan gi\u0148 gerimli \u00f6zgertmeleri \u00fcst\u00fcnlikli durmu\u015fa ge\u00e7irmek, halkara gatna\u015fyklarda \u00fdurdumyzy\u0148 b\u00e4hbitlerine mynasyp wekil\u00e7ilik edip biljek \u00fdokary bilimli diplomatik i\u015fg\u00e4rleri ta\u00fd\u00fdarlamak maksady bilen, T\u00fcrkmenistany\u0148 Prezidenti Karara gol \u00e7ekdi. Resminama la\u00fdyklykda, Da\u015fary i\u015fler ministrligini\u0148 Halkara gatna\u015fyklary institutyny\u0148 gurlu\u015fy tassyklanyldy.<\/p>\n<p>Da\u015fary i\u015fler ministrligini\u0148 Halkara gatna\u015fyklary institutynda Strategik barlaglar bo\u00fdun\u00e7a ylmy merkezi, \u00dda\u015f diplomatlary\u0148 mekdebini hem-de sanly ulgamlar we kommunikasi\u00fda b\u00f6l\u00fcmini a\u00e7mak bellenildi.<\/p>\n<p>T\u00fcrkmenistany\u0148 diplomatik gullugyny\u0148 ulgamynda administratiw-tehniki i\u015fg\u00e4rler bo\u00fdun\u00e7a \u00e4ti\u00fda\u00e7lyk d\u00fcz\u00fcmini\u0148 d\u00f6redilendigi g\u00f6z \u00f6\u0148\u00fcnde tutulyp, Da\u015fary i\u015fler ministrligini\u0148 Halkara gatna\u015fyklary institutynda Administratiw-tehniki i\u015fg\u00e4rleri ta\u00fd\u00fdarlamak bo\u00fdun\u00e7a okuw merkezini\u0148 i\u015fi wagtla\u00fdyn togtadyldy.<\/p>\n","protected":false},"excerpt":{"rendered":"<p>T\u00fcrkmenistany\u0148 Prezidenti Karara gol \u00e7ekdi. Resminama la\u00fdyklykda, Da\u015fary i\u015fler ministrligini\u0148 Halkara gatna\u015fyklary institutyny\u0148 gurlu\u015fy tassyklanyldy. Berkarar d\u00f6wletimizi\u0148 bagty\u00fdarlyk d\u00f6wr\u00fcnde bilim babatda alnyp baryl\u00fdan gi\u0148 gerimli \u00f6zgertmeleri \u00fcst\u00fcnlikli durmu\u015fa ge\u00e7irmek, halkara gatna\u015fyklarda \u00fdurdumyzy\u0148 b\u00e4hbitlerine mynasyp wekil\u00e7ilik edip biljek \u00fdokary bilimli diplomatik i\u015fg\u00e4rleri ta\u00fd\u00fdarlamak maksady bilen, T\u00fcrkmenistany\u0148 Prezidenti Karara gol \u00e7ekdi. Resminama la\u00fdyklykda, Da\u015fary i\u015fler ministrligini\u0148 Halkara [&hellip;]<\/p>\n","protected":false},"author":2,"featured_media":45338,"comment_status":"open","ping_status":"closed","sticky":false,"template":"","format":"standard","meta":{"footnotes":""},"categories":[3],"tags":[],"acf":[],"_links":{"self":[{"href":"https:\/\/zamanturkmenistan.com.tm\/index.php?rest_route=\/wp\/v2\/posts\/45337"}],"collection":[{"href":"https:\/\/zamanturkmenistan.com.tm\/index.php?rest_route=\/wp\/v2\/posts"}],"about":[{"href":"https:\/\/zamanturkmenistan.com.tm\/index.php?rest_route=\/wp\/v2\/types\/post"}],"author":[{"embeddable":true,"href":"https:\/\/zamanturkmenistan.com.tm\/index.php?rest_route=\/wp\/v2\/users\/2"}],"replies":[{"embeddable":true,"href":"https:\/\/zamanturkmenistan.com.tm\/index.php?rest_route=%2Fwp%2Fv2%2Fcomments&post=45337"}],"version-history":[{"count":0,"href":"https:\/\/zamanturkmenistan.com.tm\/index.php?rest_route=\/wp\/v2\/posts\/45337\/revisions"}],"wp:featuredmedia":[{"embeddable":true,"href":"https:\/\/zamanturkmenistan.com.tm\/index.php?rest_route=\/wp\/v2\/media\/45338"}],"wp:attachment":[{"href":"https:\/\/zamanturkmenistan.com.tm\/index.php?rest_route=%2Fwp%2Fv2%2Fmedia&parent=45337"}],"wp:term":[{"taxonomy":"category","embeddable":true,"href":"https:\/\/zamanturkmenistan.com.tm\/index.php?rest_route=%2Fwp%2Fv2%2Fcategories&post=45337"},{"taxonomy":"post_tag","embeddable":true,"href":"https:\/\/zamanturkmenistan.com.tm\/index.php?rest_route=%2Fwp%2Fv2%2Ftags&post=45337"}],"curies":[{"name":"wp","href":"https:\/\/api.w.org\/{rel}","templated":true}]}}