{"id":45487,"date":"2021-07-14T15:25:01","date_gmt":"2021-07-14T10:25:01","guid":{"rendered":"https:\/\/zamanturkmenistan.com.tm\/?p=45487"},"modified":"2021-07-14T15:25:01","modified_gmt":"2021-07-14T10:25:01","slug":"makgregoryn-yenlisi-meywezere-uly-girdeji-gazandyrdy","status":"publish","type":"post","link":"https:\/\/zamanturkmenistan.com.tm\/?p=45487","title":{"rendered":"MakGregory\u0148 \u00fde\u0148li\u015fi Me\u00fdwezere uly girdeji gazandyrdy"},"content":{"rendered":"<p>C<img decoding=\"async\" loading=\"lazy\" class=\" wp-image-45490 alignright\" src=\"https:\/\/zamanturkmenistan.com.tm\/wp-content\/uploads\/2021\/07\/4b5127a47f0a43dba89c306524433c32-1-211x300.jpg\" alt=\"\" width=\"165\" height=\"235\" srcset=\"https:\/\/zamanturkmenistan.com.tm\/wp-content\/uploads\/2021\/07\/4b5127a47f0a43dba89c306524433c32-1-211x300.jpg 211w, https:\/\/zamanturkmenistan.com.tm\/wp-content\/uploads\/2021\/07\/4b5127a47f0a43dba89c306524433c32-1-296x420.jpg 296w, https:\/\/zamanturkmenistan.com.tm\/wp-content\/uploads\/2021\/07\/4b5127a47f0a43dba89c306524433c32-1.jpg 452w\" sizes=\"(max-width: 165px) 100vw, 165px\" \/>Hepd\u00e4ni\u0148 \u00fdek\u015fenbe g\u00fcni UFC-ni\u0148 \u00e7\u00e4klerinde ge\u00e7irilen amerikaly Dastin Por\u00fde bilen irlandi\u00fdaly Konor MakGregory\u0148 arasynda tutlu\u015fyk ge\u00e7irildi. Tutlu\u015fyk emini\u0148 gelen netijesinde Por\u00fdeni\u0148 \u00fde\u0148\u015fi bilen tamamlanypdy. A\u00fdagyny \u00fdere gy\u015fyk basan Konor MakGregor nasilka bilen alyp gidildi. MakGregory\u0148 bu \u00fde\u0148li\u015fini\u0148 ba\u015fga bir ur\u015fuja, has takygy amerikaly Flo\u00fdd Me\u00fdwezeri\u0148 kassasyna ep-esli girdeji go\u015fdy. Me\u00fdwezer \u00f6z\u00fcni\u0148 instagram hasabyndan MakGregory\u0148 \u00fde\u0148li\u015fe sezewar boljakdygy barada 50 m\u00fc\u0148 dollarlyk jedelle\u015fendigini a\u00fdtdy. Netijede, 44 \u00fda\u015fyndaky boks\u00e7y 35 m\u00fc\u0148 dollar gazanmagy ba\u015fardy.<\/p>\n","protected":false},"excerpt":{"rendered":"<p>CHepd\u00e4ni\u0148 \u00fdek\u015fenbe g\u00fcni UFC-ni\u0148 \u00e7\u00e4klerinde ge\u00e7irilen amerikaly Dastin Por\u00fde bilen irlandi\u00fdaly Konor MakGregory\u0148 arasynda tutlu\u015fyk ge\u00e7irildi. Tutlu\u015fyk emini\u0148 gelen netijesinde Por\u00fdeni\u0148 \u00fde\u0148\u015fi bilen tamamlanypdy. A\u00fdagyny \u00fdere gy\u015fyk basan Konor MakGregor nasilka bilen alyp gidildi. MakGregory\u0148 bu \u00fde\u0148li\u015fini\u0148 ba\u015fga bir ur\u015fuja, has takygy amerikaly Flo\u00fdd Me\u00fdwezeri\u0148 kassasyna ep-esli girdeji go\u015fdy. Me\u00fdwezer \u00f6z\u00fcni\u0148 instagram hasabyndan MakGregory\u0148 \u00fde\u0148li\u015fe [&hellip;]<\/p>\n","protected":false},"author":2,"featured_media":45488,"comment_status":"open","ping_status":"closed","sticky":false,"template":"","format":"standard","meta":{"footnotes":""},"categories":[406],"tags":[1370,1394,956,1393],"acf":[],"_links":{"self":[{"href":"https:\/\/zamanturkmenistan.com.tm\/index.php?rest_route=\/wp\/v2\/posts\/45487"}],"collection":[{"href":"https:\/\/zamanturkmenistan.com.tm\/index.php?rest_route=\/wp\/v2\/posts"}],"about":[{"href":"https:\/\/zamanturkmenistan.com.tm\/index.php?rest_route=\/wp\/v2\/types\/post"}],"author":[{"embeddable":true,"href":"https:\/\/zamanturkmenistan.com.tm\/index.php?rest_route=\/wp\/v2\/users\/2"}],"replies":[{"embeddable":true,"href":"https:\/\/zamanturkmenistan.com.tm\/index.php?rest_route=%2Fwp%2Fv2%2Fcomments&post=45487"}],"version-history":[{"count":0,"href":"https:\/\/zamanturkmenistan.com.tm\/index.php?rest_route=\/wp\/v2\/posts\/45487\/revisions"}],"wp:featuredmedia":[{"embeddable":true,"href":"https:\/\/zamanturkmenistan.com.tm\/index.php?rest_route=\/wp\/v2\/media\/45488"}],"wp:attachment":[{"href":"https:\/\/zamanturkmenistan.com.tm\/index.php?rest_route=%2Fwp%2Fv2%2Fmedia&parent=45487"}],"wp:term":[{"taxonomy":"category","embeddable":true,"href":"https:\/\/zamanturkmenistan.com.tm\/index.php?rest_route=%2Fwp%2Fv2%2Fcategories&post=45487"},{"taxonomy":"post_tag","embeddable":true,"href":"https:\/\/zamanturkmenistan.com.tm\/index.php?rest_route=%2Fwp%2Fv2%2Ftags&post=45487"}],"curies":[{"name":"wp","href":"https:\/\/api.w.org\/{rel}","templated":true}]}}