{"id":45711,"date":"2021-07-17T12:08:29","date_gmt":"2021-07-17T07:08:29","guid":{"rendered":"https:\/\/zamanturkmenistan.com.tm\/?p=45711"},"modified":"2021-07-17T12:08:29","modified_gmt":"2021-07-17T07:08:29","slug":"parlament-saylawlarynyn-netijeleri-belli-boldy","status":"publish","type":"post","link":"https:\/\/zamanturkmenistan.com.tm\/?p=45711","title":{"rendered":"Parlament sa\u00fdlawlaryny\u0148 netijeleri belli boldy"},"content":{"rendered":"<p>Bolgari\u00fdada \u015fu \u00fdylky ikinji Parlament sa\u00fdlawlaryny\u0148 netijeleri m\u00e4lim edildi. 2019-njy \u00fdylda d\u00f6redilen &#8220;\u015ee\u00fdle halk bar&#8221; parti\u00fdasy Halk Mejlisinde 240 mandaty\u0148 65-sini alyp, i\u0148 uly Parlament fraksi\u00fdasyna \u00f6wr\u00fcldi we Ministrler Kabinetini d\u00f6retmek hukugyna e\u00fde boldy. Netijede, h\u00e4zirki dolandyryjy parti\u00fda &#8211; &#8220;\u00ddewropa \u00f6s\u00fc\u015fi \u00fc\u00e7in Bolgari\u00fdany\u0148 ra\u00fdatlary&#8221; parti\u00fdasyny\u0148 ornuny tutdy.<\/p>\n<p>Be\u00fdleki b\u00e4\u015f sy\u00fdasy parti\u00fda \u00fda-da koalisi\u00fda Halk mejlisine girmek \u00fc\u00e7in p\u00e4sgel\u00e7ilikleri \u00fde\u0148ip ge\u00e7diler. \u015ee\u00fdlelik bilen, GERB-i\u0148 gatna\u015fmagynda parti\u00fdalary\u0148 koalisi\u00fdasy mejlisde 63 orny aldy, Bolgari\u00fda Sosialistik parti\u00fdasyny \u00f6z i\u00e7ine al\u00fdan koalisi\u00fda 36 mandat, Demokratik Bolgari\u00fda parti\u00fdasy &#8211; 34 mandat aldy.<\/p>\n<p>Konstitusi\u00fda la\u00fdyklykda, Prezident Rumen Radew t\u00e4ze h\u00f6k\u00fcmet gurmak \u00fc\u00e7in Prem\u00fder-ministr wezipesine i\u0148 uly fraksi\u00fda tarapyndan h\u00f6d\u00fcrlenen kandidaty h\u00f6d\u00fcrl\u00e4r.<\/p>\n<p>Bolgari\u00fdada \u00fdyly\u0148 aprel a\u00fdynda Parlament sa\u00fdlawlary ge\u00e7irildi. \u00dd\u00f6ne ses beri\u015fligi\u0148 netijesinde h\u00f6k\u00fcmet gurmak hukugyny alan \u00e4hli parti\u00fdalary\u0148 we koalisi\u00fdalary\u0148 muny amala a\u015fyryp bilm\u00e4nligi seb\u00e4pli t\u00e4ze sa\u00fdlanan Parlamenti\u0148 i\u015fi \u00fdatyryldy. 11-nji i\u00fdulda ikilen\u00e7 sa\u00fdlawlar ge\u00e7irildi.<\/p>\n<p>Bolgari\u00fda Parlament Respublikasy bolup, Milli \u00fdygnak 240 deputatdan ybarat, olar d\u00f6rt \u00fdyl m\u00f6hlet bilen halk k\u00f6p\u00e7\u00fcligini\u0148 sesi arkaly sa\u00fdlan\u00fdar. Sa\u00fdlaw\u00e7ylary\u0148 4%-den gowragy ses berse, parti\u00fda Parlamente girip bil\u00fd\u00e4r.<\/p>\n","protected":false},"excerpt":{"rendered":"<p>Bolgari\u00fdada \u015fu \u00fdylky ikinji Parlament sa\u00fdlawlaryny\u0148 netijeleri m\u00e4lim edildi. 2019-njy \u00fdylda d\u00f6redilen &#8220;\u015ee\u00fdle halk bar&#8221; parti\u00fdasy Halk Mejlisinde 240 mandaty\u0148 65-sini alyp, i\u0148 uly Parlament fraksi\u00fdasyna \u00f6wr\u00fcldi we Ministrler Kabinetini d\u00f6retmek hukugyna e\u00fde boldy. Netijede, h\u00e4zirki dolandyryjy parti\u00fda &#8211; &#8220;\u00ddewropa \u00f6s\u00fc\u015fi \u00fc\u00e7in Bolgari\u00fdany\u0148 ra\u00fdatlary&#8221; parti\u00fdasyny\u0148 ornuny tutdy. Be\u00fdleki b\u00e4\u015f sy\u00fdasy parti\u00fda \u00fda-da koalisi\u00fda Halk mejlisine [&hellip;]<\/p>\n","protected":false},"author":2,"featured_media":45713,"comment_status":"open","ping_status":"closed","sticky":false,"template":"","format":"standard","meta":{"footnotes":""},"categories":[5],"tags":[],"acf":[],"_links":{"self":[{"href":"https:\/\/zamanturkmenistan.com.tm\/index.php?rest_route=\/wp\/v2\/posts\/45711"}],"collection":[{"href":"https:\/\/zamanturkmenistan.com.tm\/index.php?rest_route=\/wp\/v2\/posts"}],"about":[{"href":"https:\/\/zamanturkmenistan.com.tm\/index.php?rest_route=\/wp\/v2\/types\/post"}],"author":[{"embeddable":true,"href":"https:\/\/zamanturkmenistan.com.tm\/index.php?rest_route=\/wp\/v2\/users\/2"}],"replies":[{"embeddable":true,"href":"https:\/\/zamanturkmenistan.com.tm\/index.php?rest_route=%2Fwp%2Fv2%2Fcomments&post=45711"}],"version-history":[{"count":0,"href":"https:\/\/zamanturkmenistan.com.tm\/index.php?rest_route=\/wp\/v2\/posts\/45711\/revisions"}],"wp:featuredmedia":[{"embeddable":true,"href":"https:\/\/zamanturkmenistan.com.tm\/index.php?rest_route=\/wp\/v2\/media\/45713"}],"wp:attachment":[{"href":"https:\/\/zamanturkmenistan.com.tm\/index.php?rest_route=%2Fwp%2Fv2%2Fmedia&parent=45711"}],"wp:term":[{"taxonomy":"category","embeddable":true,"href":"https:\/\/zamanturkmenistan.com.tm\/index.php?rest_route=%2Fwp%2Fv2%2Fcategories&post=45711"},{"taxonomy":"post_tag","embeddable":true,"href":"https:\/\/zamanturkmenistan.com.tm\/index.php?rest_route=%2Fwp%2Fv2%2Ftags&post=45711"}],"curies":[{"name":"wp","href":"https:\/\/api.w.org\/{rel}","templated":true}]}}