{"id":4628,"date":"2016-11-25T10:48:40","date_gmt":"2016-11-25T10:48:40","guid":{"rendered":"http:\/\/zamanturkmenistan.com\/?p=4628"},"modified":"2016-11-25T10:48:40","modified_gmt":"2016-11-25T10:48:40","slug":"turkmenistan-halkara-ulag-maslahatyna-tayyar","status":"publish","type":"post","link":"https:\/\/zamanturkmenistan.com.tm\/?p=4628","title":{"rendered":"T\u00fcrkmenistan halkara ulag maslahatyna ta\u00fd\u00fdar"},"content":{"rendered":"<p>Hormatly Prezidentimizi\u0148 parasatly ba\u015flangy\u00e7lary esasynda Birle\u015fen Milletler Guramasyny\u0148 \u00fdakyndan goldaw bermeginde pa\u00fdtagtymyz A\u015fgabatda Durnukly ulag ulgamy bo\u00fdun\u00e7a birinji \u00c4hlumumy maslahat ge\u00e7iril\u00fd\u00e4r. Bu halkara forumy\u0148 \u00f6\u0148\u00fcsyrasynda T\u00fcrkmenistany\u0148 S\u00f6wda-senagat edarasyny\u0148 me\u00fddan\u00e7asynda dabarada ge\u00e7irildi. \u015eol \u00e7\u00e4rede T\u00fcrkmenistany\u0148 hem-de Birle\u015fen Milletler Guramasyny\u0148 ba\u00fddagy belende galdyryldy.<br \/>\nTutu\u015f d\u00fcn\u00fd\u00e4 bo\u00fdun\u00e7a ulag ulgamynda halkara hyzmatda\u015flygy\u0148 has-da i\u015fje\u0148le\u015fdirilmegine bagy\u015flanan ilkinji forumy\u0148 \u00f6\u0148\u00fdanyndaky \u00e7\u00e4re T\u00fcrkmenistany\u0148 h\u00f6k\u00fcmetini\u0148 agzalary, Birle\u015fen Milletler Guramasyny\u0148 Ba\u015f sekretaryny\u0148 orunbasary, A\u015fgabatdaky diplomatik wekilhanalary\u0148 \u00fdolba\u015f\u00e7ylary, T\u00fcrkmenistany\u0148 Da\u015fary i\u015fler ministrligini\u0148 i\u015fg\u00e4rleri we metbugat wekilleri gatna\u015fdy.<br \/>\nDabarada \u00e7yky\u015f eden BMG-ni\u0148 Ba\u015f sekretaryny\u0148 orunbasary U Hunbo A\u015fgabatdaky halkara maslahatyny\u0148 \u00e4hmi\u00fdetini\u0148 uludygyny bell\u00e4p, T\u00fcrkmenistany\u0148 Prezidentine \u015fe\u00fdle \u00fdokary derejed\u00e4ki maslahaty gurama\u00e7ylykly ge\u00e7irm\u00e4ge d\u00f6redip beren m\u00fcmkin\u00e7ilikleri \u00fc\u00e7in uly ho\u015fallyk bildirdi. <\/p>\n","protected":false},"excerpt":{"rendered":"<p>Hormatly Prezidentimizi\u0148 parasatly ba\u015flangy\u00e7lary esasynda Birle\u015fen Milletler Guramasyny\u0148 \u00fdakyndan goldaw bermeginde pa\u00fdtagtymyz A\u015fgabatda Durnukly ulag ulgamy bo\u00fdun\u00e7a birinji \u00c4hlumumy maslahat ge\u00e7iril\u00fd\u00e4r. Bu halkara forumy\u0148 \u00f6\u0148\u00fcsyrasynda T\u00fcrkmenistany\u0148 S\u00f6wda-senagat edarasyny\u0148 me\u00fddan\u00e7asynda dabarada ge\u00e7irildi. \u015eol \u00e7\u00e4rede T\u00fcrkmenistany\u0148 hem-de Birle\u015fen Milletler Guramasyny\u0148 ba\u00fddagy belende galdyryldy. Tutu\u015f d\u00fcn\u00fd\u00e4 bo\u00fdun\u00e7a ulag ulgamynda halkara hyzmatda\u015flygy\u0148 has-da i\u015fje\u0148le\u015fdirilmegine bagy\u015flanan ilkinji forumy\u0148 \u00f6\u0148\u00fdanyndaky \u00e7\u00e4re [&hellip;]<\/p>\n","protected":false},"author":1,"featured_media":4629,"comment_status":"open","ping_status":"closed","sticky":false,"template":"","format":"standard","meta":{"footnotes":""},"categories":[3],"tags":[],"acf":[],"_links":{"self":[{"href":"https:\/\/zamanturkmenistan.com.tm\/index.php?rest_route=\/wp\/v2\/posts\/4628"}],"collection":[{"href":"https:\/\/zamanturkmenistan.com.tm\/index.php?rest_route=\/wp\/v2\/posts"}],"about":[{"href":"https:\/\/zamanturkmenistan.com.tm\/index.php?rest_route=\/wp\/v2\/types\/post"}],"author":[{"embeddable":true,"href":"https:\/\/zamanturkmenistan.com.tm\/index.php?rest_route=\/wp\/v2\/users\/1"}],"replies":[{"embeddable":true,"href":"https:\/\/zamanturkmenistan.com.tm\/index.php?rest_route=%2Fwp%2Fv2%2Fcomments&post=4628"}],"version-history":[{"count":0,"href":"https:\/\/zamanturkmenistan.com.tm\/index.php?rest_route=\/wp\/v2\/posts\/4628\/revisions"}],"wp:featuredmedia":[{"embeddable":true,"href":"https:\/\/zamanturkmenistan.com.tm\/index.php?rest_route=\/wp\/v2\/media\/4629"}],"wp:attachment":[{"href":"https:\/\/zamanturkmenistan.com.tm\/index.php?rest_route=%2Fwp%2Fv2%2Fmedia&parent=4628"}],"wp:term":[{"taxonomy":"category","embeddable":true,"href":"https:\/\/zamanturkmenistan.com.tm\/index.php?rest_route=%2Fwp%2Fv2%2Fcategories&post=4628"},{"taxonomy":"post_tag","embeddable":true,"href":"https:\/\/zamanturkmenistan.com.tm\/index.php?rest_route=%2Fwp%2Fv2%2Ftags&post=4628"}],"curies":[{"name":"wp","href":"https:\/\/api.w.org\/{rel}","templated":true}]}}