{"id":46361,"date":"2021-08-09T16:55:44","date_gmt":"2021-08-09T11:55:44","guid":{"rendered":"https:\/\/zamanturkmenistan.com.tm\/?p=46361"},"modified":"2021-08-09T16:55:44","modified_gmt":"2021-08-09T11:55:44","slug":"dunyade-in-kop-gocurilen-programma-boldy","status":"publish","type":"post","link":"https:\/\/zamanturkmenistan.com.tm\/?p=46361","title":{"rendered":"D\u00fcn\u00fd\u00e4de i\u0148 k\u00f6p g\u00f6\u00e7\u00fcrilen programma boldy"},"content":{"rendered":"<p>\u201cNikkei Asia\u201d 2020-nji \u00fdyldaky global ykjam programma g\u00f6\u00e7\u00fcrip almak bo\u00fdun\u00e7a g\u00f6zlegleri\u0148 netijelerini yglan etdi. Edarany\u0148 beren be\u00fdanatynda ge\u00e7en \u00fdyl i\u0148 k\u00f6p g\u00f6\u00e7\u00fcrilen ykjam programmany\u0148 \u201cTikTok\u201d-dygyny a\u00fdan edildi. Statistika munu\u0148 \u201cTikTok\u201d \u00fc\u00e7in ilkinji birinjilikdigini a\u00fdtsa-da, ulanyjylary\u0148 sosial media endiklerini\u0148 hem \u00fc\u00fdtge\u00fd\u00e4ndigini g\u00f6rkez\u00fd\u00e4r. Global g\u00f6zleg \u201cFacebook\u201d -y\u0148 2020-nji \u00fdylda i\u0148 k\u00f6p g\u00f6\u00e7\u00fcrilen ikinji programma bolandygyny g\u00f6rkez\u00fd\u00e4r. Degi\u015flilikde \u201cWhatsApp\u201d \u00fc\u00e7\u00fcnji, \u201cInstagram\u201d d\u00f6rd\u00fcnji, \u201cFacebook Messenger\u201d b\u00e4\u015finji \u00fderde dur\u00fdar.<\/p>\n<p>\u00dderi gelende bellesek, 2019-njy \u00fdylda i\u0148 k\u00f6p g\u00f6\u00e7\u00fcrilen mobil programma \u201cFacebook Messenger\u201d bolupdy.<\/p>\n","protected":false},"excerpt":{"rendered":"<p>\u201cNikkei Asia\u201d 2020-nji \u00fdyldaky global ykjam programma g\u00f6\u00e7\u00fcrip almak bo\u00fdun\u00e7a g\u00f6zlegleri\u0148 netijelerini yglan etdi. Edarany\u0148 beren be\u00fdanatynda ge\u00e7en \u00fdyl i\u0148 k\u00f6p g\u00f6\u00e7\u00fcrilen ykjam programmany\u0148 \u201cTikTok\u201d-dygyny a\u00fdan edildi. Statistika munu\u0148 \u201cTikTok\u201d \u00fc\u00e7in ilkinji birinjilikdigini a\u00fdtsa-da, ulanyjylary\u0148 sosial media endiklerini\u0148 hem \u00fc\u00fdtge\u00fd\u00e4ndigini g\u00f6rkez\u00fd\u00e4r. Global g\u00f6zleg \u201cFacebook\u201d -y\u0148 2020-nji \u00fdylda i\u0148 k\u00f6p g\u00f6\u00e7\u00fcrilen ikinji programma bolandygyny g\u00f6rkez\u00fd\u00e4r. Degi\u015flilikde [&hellip;]<\/p>\n","protected":false},"author":2,"featured_media":46362,"comment_status":"open","ping_status":"closed","sticky":false,"template":"","format":"standard","meta":{"footnotes":""},"categories":[8],"tags":[1538,1537],"acf":[],"_links":{"self":[{"href":"https:\/\/zamanturkmenistan.com.tm\/index.php?rest_route=\/wp\/v2\/posts\/46361"}],"collection":[{"href":"https:\/\/zamanturkmenistan.com.tm\/index.php?rest_route=\/wp\/v2\/posts"}],"about":[{"href":"https:\/\/zamanturkmenistan.com.tm\/index.php?rest_route=\/wp\/v2\/types\/post"}],"author":[{"embeddable":true,"href":"https:\/\/zamanturkmenistan.com.tm\/index.php?rest_route=\/wp\/v2\/users\/2"}],"replies":[{"embeddable":true,"href":"https:\/\/zamanturkmenistan.com.tm\/index.php?rest_route=%2Fwp%2Fv2%2Fcomments&post=46361"}],"version-history":[{"count":0,"href":"https:\/\/zamanturkmenistan.com.tm\/index.php?rest_route=\/wp\/v2\/posts\/46361\/revisions"}],"wp:featuredmedia":[{"embeddable":true,"href":"https:\/\/zamanturkmenistan.com.tm\/index.php?rest_route=\/wp\/v2\/media\/46362"}],"wp:attachment":[{"href":"https:\/\/zamanturkmenistan.com.tm\/index.php?rest_route=%2Fwp%2Fv2%2Fmedia&parent=46361"}],"wp:term":[{"taxonomy":"category","embeddable":true,"href":"https:\/\/zamanturkmenistan.com.tm\/index.php?rest_route=%2Fwp%2Fv2%2Fcategories&post=46361"},{"taxonomy":"post_tag","embeddable":true,"href":"https:\/\/zamanturkmenistan.com.tm\/index.php?rest_route=%2Fwp%2Fv2%2Ftags&post=46361"}],"curies":[{"name":"wp","href":"https:\/\/api.w.org\/{rel}","templated":true}]}}