{"id":46578,"date":"2021-08-17T16:53:46","date_gmt":"2021-08-17T11:53:46","guid":{"rendered":"https:\/\/zamanturkmenistan.com.tm\/?p=46578"},"modified":"2021-08-17T16:53:46","modified_gmt":"2021-08-17T11:53:46","slug":"apple-taze-smartfonynyn-kamerasany-tygsytlamak-isleyar","status":"publish","type":"post","link":"https:\/\/zamanturkmenistan.com.tm\/?p=46578","title":{"rendered":"&#8220;Apple&#8221; t\u00e4ze smartfonyny\u0148 kamerasany tyg\u015fytlamak isle\u00fd\u00e4r"},"content":{"rendered":"<p>\u201cApple\u201d -i\u0148 sent\u00fdabr a\u00fdynda h\u00f6d\u00fcrlenmegine gara\u015fyl\u00fdan t\u00e4ze \u201ciPhone\u201d modeli barada m\u00f6h\u00fcm talap \u00f6\u0148e s\u00fcr\u00fcldi. \u201cIPhone 13\u201d kysymly smartfonlary\u0148 tany\u015fdyrylmagyna bary-\u00fdogy birn\u00e4\u00e7e a\u00fd bar. Kompani\u00fdany\u0148 \u00f6\u0148\u00fcnden gurnalan kamera modullaryny satyn almagy bes edendigi habar berildi. \u015ee\u00fdlelikde, kompani\u00fdany\u0148 \u00f6n\u00fcm\u00e7ilik bahasy peseler. \u015ee\u00fdle-de bolsa, t\u00e4ze iPhone 13 ma\u015fgalasyny\u0148 hemmesinde LiDAR dat\u00e7igi ulanylmaz. \u201cApple\u201d ge\u00e7en \u00fdyl \u201ciPad Pro\u201d, \u201ciPhone 12 Pro\u201d we \u201ciPhone 12 Pro Max\u201d enjamlarynda LiDAR dat\u00e7igini ulanypdy. Bu tehnologi\u00fda kamerany\u0148 ob\u00fdektlere has \u00e7alt we has takyk \u00f6l\u00e7egini \u00f6l\u00e7e\u00fd\u00e4r. Adaty \u00f6l\u00e7egli \u201ciPhone 13\u201d -de t\u00e4ze diagonaly go\u015fa kamerany\u0148 \u00fderle\u015fi\u015fi we birneme ulurak \u00e7yzgysy \u00f6z\u00fcne \u00e7ek\u00fd\u00e4r. T\u00e4ze \u201ciPhone 13\u201d-i\u0148 12S di\u00fdlip atlandyryljakdygy, \u201cPro\u201d wersi\u00fdasynda k\u00e4mille\u015fdirilen ultra gi\u0148 kamerany\u0148 ulanyljakdygy \u00f6\u0148e s\u00fcr\u00fcldi. \u015ee\u00fdle hem indiki \u00fdyl \u00e7ykjak \u201ciPhone 14\u201d modellerini\u0148 hemmesinde bu ultra gi\u0148 kamerany\u0148 boljakdygy m\u00e4lim edildi.<\/p>\n","protected":false},"excerpt":{"rendered":"<p>\u201cApple\u201d -i\u0148 sent\u00fdabr a\u00fdynda h\u00f6d\u00fcrlenmegine gara\u015fyl\u00fdan t\u00e4ze \u201ciPhone\u201d modeli barada m\u00f6h\u00fcm talap \u00f6\u0148e s\u00fcr\u00fcldi. \u201cIPhone 13\u201d kysymly smartfonlary\u0148 tany\u015fdyrylmagyna bary-\u00fdogy birn\u00e4\u00e7e a\u00fd bar. Kompani\u00fdany\u0148 \u00f6\u0148\u00fcnden gurnalan kamera modullaryny satyn almagy bes edendigi habar berildi. \u015ee\u00fdlelikde, kompani\u00fdany\u0148 \u00f6n\u00fcm\u00e7ilik bahasy peseler. \u015ee\u00fdle-de bolsa, t\u00e4ze iPhone 13 ma\u015fgalasyny\u0148 hemmesinde LiDAR dat\u00e7igi ulanylmaz. \u201cApple\u201d ge\u00e7en \u00fdyl \u201ciPad Pro\u201d, \u201ciPhone [&hellip;]<\/p>\n","protected":false},"author":2,"featured_media":46579,"comment_status":"open","ping_status":"closed","sticky":false,"template":"","format":"standard","meta":{"footnotes":""},"categories":[8],"tags":[914],"acf":[],"_links":{"self":[{"href":"https:\/\/zamanturkmenistan.com.tm\/index.php?rest_route=\/wp\/v2\/posts\/46578"}],"collection":[{"href":"https:\/\/zamanturkmenistan.com.tm\/index.php?rest_route=\/wp\/v2\/posts"}],"about":[{"href":"https:\/\/zamanturkmenistan.com.tm\/index.php?rest_route=\/wp\/v2\/types\/post"}],"author":[{"embeddable":true,"href":"https:\/\/zamanturkmenistan.com.tm\/index.php?rest_route=\/wp\/v2\/users\/2"}],"replies":[{"embeddable":true,"href":"https:\/\/zamanturkmenistan.com.tm\/index.php?rest_route=%2Fwp%2Fv2%2Fcomments&post=46578"}],"version-history":[{"count":0,"href":"https:\/\/zamanturkmenistan.com.tm\/index.php?rest_route=\/wp\/v2\/posts\/46578\/revisions"}],"wp:featuredmedia":[{"embeddable":true,"href":"https:\/\/zamanturkmenistan.com.tm\/index.php?rest_route=\/wp\/v2\/media\/46579"}],"wp:attachment":[{"href":"https:\/\/zamanturkmenistan.com.tm\/index.php?rest_route=%2Fwp%2Fv2%2Fmedia&parent=46578"}],"wp:term":[{"taxonomy":"category","embeddable":true,"href":"https:\/\/zamanturkmenistan.com.tm\/index.php?rest_route=%2Fwp%2Fv2%2Fcategories&post=46578"},{"taxonomy":"post_tag","embeddable":true,"href":"https:\/\/zamanturkmenistan.com.tm\/index.php?rest_route=%2Fwp%2Fv2%2Ftags&post=46578"}],"curies":[{"name":"wp","href":"https:\/\/api.w.org\/{rel}","templated":true}]}}