{"id":46622,"date":"2021-08-18T17:08:53","date_gmt":"2021-08-18T12:08:53","guid":{"rendered":"https:\/\/zamanturkmenistan.com.tm\/?p=46622"},"modified":"2021-08-18T17:08:53","modified_gmt":"2021-08-18T12:08:53","slug":"kopculikleyin-habar-beris-serisdeleri-ucin-maglumat-3","status":"publish","type":"post","link":"https:\/\/zamanturkmenistan.com.tm\/?p=46622","title":{"rendered":"K\u00d6P\u00c7\u00dcLIKLE\u00ddIN HABAR BERI\u015e SERI\u015eDELERI \u00dc\u00c7IN MAGLUMAT"},"content":{"rendered":"<p>T\u00fcrkmenistany\u0148 Da\u015fary i\u015fler ministrligi habar ber\u00fd\u00e4r, \u00fdagny \u00fdurdu\u0148 diplomatik gullugyny\u0148 we be\u00fdleki d\u00f6wlet edaralaryny\u0148 i\u015fg\u00e4rleri d\u00f6wlet serhedini\u0148 goraglylygy, g\u00fcmr\u00fck, sanitar, fitosanitar we \u00fd\u00fckleri\u0148 serhet \u00fcst\u00fcnden ge\u00e7irilmeginde amal edil\u00fd\u00e4n barlagy\u0148 hem-de g\u00f6zeg\u00e7iligi\u0148 ga\u00fdry g\u00f6rn\u00fc\u015flerini\u0148 meseleleri babatynda \u00ab\u0422\u0430liban\u00bb hereketini\u0148 wekilleri bilen yzygiderli gatna\u015fyklary sakla\u00fdarlar.<\/p>\n<p>\u015eu nukda\u00fdnazardan nygta\u00fdarys, \u00fdagny t\u00fcrkmen-owgan serhedind\u00e4ki \u00abYmamnazar-\u0410kina\u00bb hem-de \u00abSerhetabat-\u0422urgundy\u00bb g\u00f6zeg\u00e7ilik-g\u00f6\u00fdberi\u015f nokatlary adaty tertipde i\u015fle\u00fd\u00e4rler we taraplary\u0148 ikisi tarapyndan kesgitlenen tertipde awtomobil tirkeglerini\u0148 hem-de demir\u00fdol wagonlaryny\u0148 zerur bolan mukdaryny\u0148 ge\u00e7irilmegini \u00fcpj\u00fcn ed\u00fd\u00e4rler.<\/p>\n<p style=\"text-align: right;\"><strong>T\u00fcrkmenistany\u0148 DIM-ni\u0148 Metbugat gullugy<\/strong><\/p>\n<p>***<\/p>\n<p>Owganystandaky h\u00e4zirki i\u00e7eri sy\u00fdasat wakalary bilen baglylykda T\u00fcrkmenistany\u0148 Da\u015fary i\u015fler ministrligi habar ber\u00fd\u00e4r, \u00fdagny T\u00fcrkmenistany\u0148 Kabuldaky Il\u00e7ihanasy we \u00fdurdu\u0148 Hyratdaky hem-de Mazari-\u015eerifd\u00e4ki Ba\u015f konsullyklary adaty tertipde i\u015flemeklerini dowam ed\u00fd\u00e4rler.<\/p>\n<p>\u015eunlukda il\u00e7ihanany\u0148 we konsullyklary\u0148 binalaryny\u0148 da\u015f-t\u00f6weregi \u00ab\u0422\u0430liban\u00bb hereketini\u0148 wekilleri tarapyndan goral\u00fdar.<\/p>\n<p>T\u00fcrkmen diplomatlary T\u00fcrkmenistany\u0148 da\u015fary \u00fdurtlardaky wekilhanalaryny\u0148 hereket etmegini\u0148 adaty tertibine la\u00fdyklykda \u00f6z \u00fcstlerine \u00fd\u00fcklenilen wezipelerini doly g\u00f6wr\u00fcmde \u00fderine \u00fdetir\u00fd\u00e4rler.<\/p>\n<p>Diplomatik wekilhanany\u0148 hem-de konsullyk edaralaryny\u0148 i\u015fg\u00e4r sanyny\u0148 azaldylmagy \u00fda-da h\u00fcn\u00e4rmenleri\u0148 b\u00f6lekle\u00fdin \u00fdurtdan \u00e7ykarylmagy amala a\u015fyrylmady.<\/p>\n<p style=\"text-align: right;\"><strong>T\u00fcrkmenistany\u0148 DIM-ni\u0148\u00a0Metbugat gullugy<\/strong><\/p>\n","protected":false},"excerpt":{"rendered":"<p>T\u00fcrkmenistany\u0148 Da\u015fary i\u015fler ministrligi habar ber\u00fd\u00e4r, \u00fdagny \u00fdurdu\u0148 diplomatik gullugyny\u0148 we be\u00fdleki d\u00f6wlet edaralaryny\u0148 i\u015fg\u00e4rleri d\u00f6wlet serhedini\u0148 goraglylygy, g\u00fcmr\u00fck, sanitar, fitosanitar we \u00fd\u00fckleri\u0148 serhet \u00fcst\u00fcnden ge\u00e7irilmeginde amal edil\u00fd\u00e4n barlagy\u0148 hem-de g\u00f6zeg\u00e7iligi\u0148 ga\u00fdry g\u00f6rn\u00fc\u015flerini\u0148 meseleleri babatynda \u00ab\u0422\u0430liban\u00bb hereketini\u0148 wekilleri bilen yzygiderli gatna\u015fyklary sakla\u00fdarlar. \u015eu nukda\u00fdnazardan nygta\u00fdarys, \u00fdagny t\u00fcrkmen-owgan serhedind\u00e4ki \u00abYmamnazar-\u0410kina\u00bb hem-de \u00abSerhetabat-\u0422urgundy\u00bb g\u00f6zeg\u00e7ilik-g\u00f6\u00fdberi\u015f nokatlary adaty tertipde [&hellip;]<\/p>\n","protected":false},"author":2,"featured_media":46623,"comment_status":"open","ping_status":"closed","sticky":false,"template":"","format":"standard","meta":{"footnotes":""},"categories":[3],"tags":[],"acf":[],"_links":{"self":[{"href":"https:\/\/zamanturkmenistan.com.tm\/index.php?rest_route=\/wp\/v2\/posts\/46622"}],"collection":[{"href":"https:\/\/zamanturkmenistan.com.tm\/index.php?rest_route=\/wp\/v2\/posts"}],"about":[{"href":"https:\/\/zamanturkmenistan.com.tm\/index.php?rest_route=\/wp\/v2\/types\/post"}],"author":[{"embeddable":true,"href":"https:\/\/zamanturkmenistan.com.tm\/index.php?rest_route=\/wp\/v2\/users\/2"}],"replies":[{"embeddable":true,"href":"https:\/\/zamanturkmenistan.com.tm\/index.php?rest_route=%2Fwp%2Fv2%2Fcomments&post=46622"}],"version-history":[{"count":0,"href":"https:\/\/zamanturkmenistan.com.tm\/index.php?rest_route=\/wp\/v2\/posts\/46622\/revisions"}],"wp:featuredmedia":[{"embeddable":true,"href":"https:\/\/zamanturkmenistan.com.tm\/index.php?rest_route=\/wp\/v2\/media\/46623"}],"wp:attachment":[{"href":"https:\/\/zamanturkmenistan.com.tm\/index.php?rest_route=%2Fwp%2Fv2%2Fmedia&parent=46622"}],"wp:term":[{"taxonomy":"category","embeddable":true,"href":"https:\/\/zamanturkmenistan.com.tm\/index.php?rest_route=%2Fwp%2Fv2%2Fcategories&post=46622"},{"taxonomy":"post_tag","embeddable":true,"href":"https:\/\/zamanturkmenistan.com.tm\/index.php?rest_route=%2Fwp%2Fv2%2Ftags&post=46622"}],"curies":[{"name":"wp","href":"https:\/\/api.w.org\/{rel}","templated":true}]}}