{"id":46888,"date":"2021-08-26T12:00:56","date_gmt":"2021-08-26T07:00:56","guid":{"rendered":"http:\/\/zamanturkmenistan.com.tm\/?p=46888"},"modified":"2021-08-26T12:00:56","modified_gmt":"2021-08-26T07:00:56","slug":"yurdumyzda-yokanc-kesellerin-onuni-almak-bilen-bagly-careler-guyclendirilyar","status":"publish","type":"post","link":"https:\/\/zamanturkmenistan.com.tm\/?p=46888","title":{"rendered":"\u00ddurdumyzda \u00fdokan\u00e7 keselleri\u0148 \u00f6\u0148\u00fcni almak bilen bagly \u00e7\u00e4reler g\u00fc\u00fd\u00e7lendiril\u00fd\u00e4r"},"content":{"rendered":"<p>25-nji awgustda hormatly Prezidentimiz Ministrler Kabinetini\u0148 gi\u0148i\u015fle\u00fdin mejlisini ge\u00e7irdi. Onu\u0148 dowamynda T\u00fcrkmenistany\u0148 Keselleri\u0148 \u00fda\u00fdramagyna gar\u015fy g\u00f6re\u015f\u00fd\u00e4n adatdan da\u015fary toparyny\u0148 alyp bar\u00fdan i\u015flerini\u0148 netijelerine we bu ugurda \u00f6\u0148de dur\u00fdan ilkinji derejeli wezipelere garaldy.<\/p>\n<p>D\u00f6wlet Ba\u015ftutanymyz Ministrler Kabinetini\u0148 gi\u0148i\u015fle\u00fdin mejlisini\u0148 g\u00fcn tertibini yglan edip, h\u00e4zirki d\u00f6w\u00fcrde \u00fdurdumyzda bu ugurda alnyp baryl\u00fdan i\u015fleri\u0148 netijeliligini \u00fdokarlandyrmak bilen baglany\u015fykly meselelere \u00fcnsi \u00e7ekdi. Mejlisi\u0148 dowamynda g\u00fc\u00fdz paslyny\u0148 gelmegi netijesinde, \u00fdokan\u00e7 keselleri\u0148 \u00fda\u00fdramagyny\u0148 \u00f6\u0148\u00fcni almak bo\u00fdun\u00e7a ugurda\u015f d\u00fcz\u00fcmler bilen bilelikde durmu\u015fa ge\u00e7iril\u00fd\u00e4n \u00e7\u00e4reler baradaky hasabatlar di\u0148lenildi.<\/p>\n<p>Hormatly Prezidentimiz mejlisi\u0148 bar\u015fynda k\u00e4bir \u00fdolba\u015f\u00e7ylary wezipeden bo\u015fatmak we wezip\u00e4 bellemek hakyndaky birn\u00e4\u00e7e resminama gol \u00e7ekdi.<\/p>\n<p>M.Geldiny\u00fdazow i\u015fde go\u00fdberen d\u00fc\u00fdpli kem\u00e7ilikleri \u00fc\u00e7in Ministrler Kabinetini\u0148 Ba\u015flygyny\u0148 orunbasary wezipesinden bo\u015fadyldy. Bu wezip\u00e4 S.To\u00fdly\u00fdew bellenildi. Ol \u015fol bir wagtda T\u00fcrkmenistany\u0148 Ylymlar akademi\u00fdasyny\u0148 \u00fdolba\u015f\u00e7ysy wezipesini hem \u00fderine \u00fdetirer.<\/p>\n<p>I\u015fde go\u00fdberen d\u00fc\u00fdpli kem\u00e7ilikleri \u00fc\u00e7in O.Gurbanow bilim ministri wezipesinden bo\u015fadyldy.<\/p>\n<p>Bilim ministri wezipesine G.Ata\u00fdewa bellenildi.<\/p>\n<p>D\u00f6wlet Ba\u015ftutanymyzy\u0148 gol \u00e7eken resminamasyna la\u00fdyklykda, A.Gylyjow i\u015fde go\u00fdberen d\u00fc\u00fdpli kem\u00e7ilikleri \u00fc\u00e7in saglygy gora\u00fdy\u015f we derman senagaty ministrini\u0148 orunbasary \u2014 D\u00f6wlet arassa\u00e7ylyk we keselleri\u0148 \u00fda\u00fdramagyna gar\u015fy g\u00f6re\u015fmek gullugyny\u0148 ba\u015flygy wezipesinden bo\u015fadyldy. Bu wezip\u00e4 M.M\u00e4mmedow bellenilip, ol \u00ddokan\u00e7 keselleri merkezleri m\u00fcdiri\u00fdetini\u0148 ba\u015f m\u00fcdiri wezipesinden bo\u015fadyldy.<\/p>\n<p>A.Rejebow Saglygy gora\u00fdy\u015f we derman senagaty ministrligini\u0148 \u00ddokan\u00e7 keselleri merkezleri m\u00fcdiri\u00fdetini\u0148 ba\u015f m\u00fcdiri wezipesine bellenildi.<\/p>\n<p>Hormatly Prezidentimiz i\u015fde go\u00fdberen d\u00fc\u00fdpli kem\u00e7ilikleri \u00fc\u00e7in T\u00fcrkmenistany\u0148 D\u00f6wlet migrasi\u00fda gullugyny\u0148 ba\u015flygy B.\u00d6wezowy e\u00fdele\u00fd\u00e4n wezipesinden bo\u015fadyp, bu wezip\u00e4 N.Atagara\u00fdewi belledi.<\/p>\n<p>Milli Liderimiz Ministrler Kabinetini\u0148 gi\u0148i\u015fle\u00fdin mejlisini dowam edip, h\u00e4zirki d\u00f6w\u00fcrde ministrlikler hem-de pudakla\u00fdyn dolandyry\u015f edaralary bilen bilelikde \u00fdurdumyza \u00fdokan\u00e7 keselleri\u0148 arala\u015fmagyny\u0148 \u00f6\u0148\u00fcni almak bo\u00fdun\u00e7a maksatnamala\u00fdyn i\u015fleri\u0148 alnyp baryl\u00fdandygyny belledi.<\/p>\n<p>\u015eunu\u0148 bilen baglylykda, k\u00f6p\u00e7\u00fclikle\u00fdin habar beri\u015f seri\u015fdelerini\u0148 \u00fcsti bilen hem-de ma\u015fgala lukmanlary tarapyndan sagdyn durmu\u015f \u00fd\u00f6relgelerini, \u00f6\u0148\u00fcni aly\u015f \u00e7\u00e4relerini\u0148 we lukman maslahatlaryny\u0148 dogry we d\u00fcrs \u00fderine \u00fdetirilmegini d\u00fc\u015f\u00fcndirmek bo\u00fdun\u00e7a zerur i\u015fler \u00fderine \u00fdetirilmelidir.<\/p>\n<p>\u201cSaglyk\u201d D\u00f6wlet maksatnamasyna la\u00fdyklykda, \u00fdurdumyzy\u0148 saglygy gora\u00fdy\u015f ulgamy d\u00f6wr\u00fc\u0148 talaplaryna la\u00fdyklykda \u00f6sd\u00fcril\u00fd\u00e4r, d\u00fcrli keselleri\u0148 \u00f6\u0148\u00fcni almak, anyklamak we bejermek i\u015fleri hem toplumla\u00fdyn esasda g\u00f6z \u00f6\u0148\u00fcnde tutul\u00fdar.<\/p>\n<p>D\u00f6wlet Ba\u015ftutanymyz \u00fdurdumyzy\u0148 \u00e4hli k\u00fcnjeklerinde zerur arassa\u00e7ylyk, degi\u015fli zy\u00fdansyzlandyry\u015f i\u015flerini\u0148 talaba la\u00fdyk alnyp barylmalydygyny bell\u00e4p, bu ugurda bar bolan meseleleri\u0148 o\u0148yn \u00e7\u00f6z\u00fclmegine \u00f6r\u00e4n jogapk\u00e4r\u00e7ilikli hem-de toplumla\u00fdyn esasda \u00e7emele\u015filmelidigini nygtady.<\/p>\n<p>Hormatly Prezidentimiz gi\u0148i\u015fle\u00fdin mejlise gatna\u015fyjylara \u00fd\u00fczlenip, koronawirus \u00fdokanjyny\u0148 \u00fda\u00fdramagy bilen bagly \u00fdagda\u00fdlary\u0148 t\u00e4sirine gar\u015fy mundan be\u00fdl\u00e4k-de alnyp barylmaly ilkinji nobatdaky i\u015fler bilen bagly meseleler barada a\u00fdtdy.<\/p>\n<p>H\u00e4zirki d\u00f6w\u00fcrde \u00fdurdumyzda k\u00f6p\u00e7\u00fclikle\u00fdin \u00e7\u00e4releri\u0148 ge\u00e7irilmegini \u00e7\u00e4klendirmek babatda teklipleri ta\u00fd\u00fdarlamagy\u0148 meselelerine \u00fcnsi \u00e7ekip, milli Liderimiz bu ugurda ministrlikleri\u0148, pudakla\u00fdyn dolandyry\u015f edaralaryny\u0148 bilelikde we toplumla\u00fdyn i\u015flemegini\u0148 m\u00f6h\u00fcmdigini belledi.<\/p>\n<p>\u015ee\u00fdle hem milli Liderimiz ilata edil\u00fd\u00e4n ulag hyzmatlaryny k\u00e4mille\u015fdirmek meselelerini\u0148 m\u00f6h\u00fcmdigi barada a\u00fdtdy. Hususan-da, A\u015fgabat \u015f\u00e4heri bo\u00fdun\u00e7a \u00fdolag\u00e7y gatnawlaryny amala a\u015fyr\u00fdan jemgy\u00fdet\u00e7ilik ulaglaryny\u0148 sany zerurlyga g\u00f6r\u00e4 k\u00f6peldilmelidir hem-de topary\u0148 kabul eden d\u00fczg\u00fcnlerini\u0148 \u00fderine \u00fdetirili\u015fine g\u00f6zeg\u00e7ilik g\u00fc\u00fd\u00e7lendirilmelidir.<\/p>\n<p>Hormatly Prezidentimizi\u0148 belle\u00fd\u015fi \u00fdaly, d\u00fcn\u00fd\u00e4de koronawirus \u00fdokanjyny\u0148 bar d\u00f6wr\u00fcnde onu\u0148 \u00fdurdumyza arala\u015fmagyny\u0148 hem-de \u00fda\u00fdramagyny\u0148 \u00f6\u0148\u00fcni almak bilen bagly \u00e7\u00e4releri g\u00fc\u00fd\u00e7lendirmek, ministrliklerde, pudakla\u00fdyn dolandyry\u015f edaralarynda hem-de e\u00fde\u00e7iligini\u0148 g\u00f6rn\u00fc\u015fine garamazdan, be\u00fdleki edara-k\u00e4rhanalarda alnyp baryl\u00fdan g\u00f6re\u015f \u00e7\u00e4relerini talabala\u00fdyk guramak, sanitari\u00fda we epidemiologi\u00fda kadalaryny berk berja\u00fd etmek maksady bilen, halkara tejrib\u00e4ni \u00f6wrenmek esasynda degi\u015fli kanun\u00e7ylyga seljerme i\u015flerini ge\u00e7irmek, \u00fc\u00fdtgetmeleri we go\u015fma\u00e7alary girizmek bo\u00fdun\u00e7a teklipleri ta\u00fd\u00fdarlamak zerur hasaplanyl\u00fdar.<\/p>\n<p>Hormatly Prezidentimiz g\u00fc\u00fdz we gy\u015f pasyllarynda howany\u0148 tebigy \u015fertlerini\u0148 \u00fc\u00fdtgemegi bilen bagly, dem aly\u015f \u00fdollary \u00fditi sowuklama has \u00e7alt du\u00e7ar bol\u00fdar, \u015fonu\u0148 \u00fc\u00e7in k\u00f6p\u00e7\u00fclikle\u00fdin sowuklamany\u0148 \u00fda\u00fdramagyny\u0148 \u00f6\u0148\u00fcni almak \u00fc\u00e7in edara-k\u00e4rhanalarda, \u00fda\u015fa\u00fdy\u015f ja\u00fdlarynda bellenen \u00fdylylyk derejesini saklamak \u00fc\u00e7in \u00fdylady\u015f ulgamlaryny\u0148 \u00fczn\u00fcksiz, kadaly i\u015flemegini \u00fcpj\u00fcn etmek bo\u00fdun\u00e7a me\u00fdilnamala\u00fdyn i\u015fleri\u0148 alnyp barylmalydygyny nygtady.<\/p>\n<p>Ministrler Kabinetini\u0148 gi\u0148i\u015fle\u00fdin mejlisinde d\u00f6wlet durmu\u015fyna degi\u015fli ba\u015fga-da birn\u00e4\u00e7e meselelere garaldy we olar bo\u00fdun\u00e7a degi\u015fli \u00e7\u00f6zg\u00fctler kabul edildi.<\/p>\n","protected":false},"excerpt":{"rendered":"<p>25-nji awgustda hormatly Prezidentimiz Ministrler Kabinetini\u0148 gi\u0148i\u015fle\u00fdin mejlisini ge\u00e7irdi. Onu\u0148 dowamynda T\u00fcrkmenistany\u0148 Keselleri\u0148 \u00fda\u00fdramagyna gar\u015fy g\u00f6re\u015f\u00fd\u00e4n adatdan da\u015fary toparyny\u0148 alyp bar\u00fdan i\u015flerini\u0148 netijelerine we bu ugurda \u00f6\u0148de dur\u00fdan ilkinji derejeli wezipelere garaldy. D\u00f6wlet Ba\u015ftutanymyz Ministrler Kabinetini\u0148 gi\u0148i\u015fle\u00fdin mejlisini\u0148 g\u00fcn tertibini yglan edip, h\u00e4zirki d\u00f6w\u00fcrde \u00fdurdumyzda bu ugurda alnyp baryl\u00fdan i\u015fleri\u0148 netijeliligini \u00fdokarlandyrmak bilen baglany\u015fykly meselelere [&hellip;]<\/p>\n","protected":false},"author":2,"featured_media":46889,"comment_status":"open","ping_status":"closed","sticky":false,"template":"","format":"standard","meta":{"footnotes":""},"categories":[3],"tags":[],"acf":[],"_links":{"self":[{"href":"https:\/\/zamanturkmenistan.com.tm\/index.php?rest_route=\/wp\/v2\/posts\/46888"}],"collection":[{"href":"https:\/\/zamanturkmenistan.com.tm\/index.php?rest_route=\/wp\/v2\/posts"}],"about":[{"href":"https:\/\/zamanturkmenistan.com.tm\/index.php?rest_route=\/wp\/v2\/types\/post"}],"author":[{"embeddable":true,"href":"https:\/\/zamanturkmenistan.com.tm\/index.php?rest_route=\/wp\/v2\/users\/2"}],"replies":[{"embeddable":true,"href":"https:\/\/zamanturkmenistan.com.tm\/index.php?rest_route=%2Fwp%2Fv2%2Fcomments&post=46888"}],"version-history":[{"count":0,"href":"https:\/\/zamanturkmenistan.com.tm\/index.php?rest_route=\/wp\/v2\/posts\/46888\/revisions"}],"wp:featuredmedia":[{"embeddable":true,"href":"https:\/\/zamanturkmenistan.com.tm\/index.php?rest_route=\/wp\/v2\/media\/46889"}],"wp:attachment":[{"href":"https:\/\/zamanturkmenistan.com.tm\/index.php?rest_route=%2Fwp%2Fv2%2Fmedia&parent=46888"}],"wp:term":[{"taxonomy":"category","embeddable":true,"href":"https:\/\/zamanturkmenistan.com.tm\/index.php?rest_route=%2Fwp%2Fv2%2Fcategories&post=46888"},{"taxonomy":"post_tag","embeddable":true,"href":"https:\/\/zamanturkmenistan.com.tm\/index.php?rest_route=%2Fwp%2Fv2%2Ftags&post=46888"}],"curies":[{"name":"wp","href":"https:\/\/api.w.org\/{rel}","templated":true}]}}