{"id":46894,"date":"2021-08-26T12:37:37","date_gmt":"2021-08-26T07:37:37","guid":{"rendered":"http:\/\/zamanturkmenistan.com.tm\/?p=46894"},"modified":"2021-08-26T12:38:24","modified_gmt":"2021-08-26T07:38:24","slug":"marsdan-taze-surat-iberdi","status":"publish","type":"post","link":"https:\/\/zamanturkmenistan.com.tm\/?p=46894","title":{"rendered":"Marsdan t\u00e4ze surat iberdi"},"content":{"rendered":"<p>AB\u015e-ny\u0148 aerokosmos edarasyny\u0148 \u201cCuriosity\u201d enjamy Marsy\u0148 t\u00e4ze suratyny iberdi. 2012-nji \u00fdylda Gyzyl planeta iberilen alty tigirli marsahody\u0148 iberen suratyndaky to\u00fdun ga\u00fdalar bu \u00fderde irki d\u00f6w\u00fcrlerde suwu\u0148 bolandygyny a\u0148lad\u00fdar. Suratda \u015fu \u00fdyly\u0148 tomus a\u00fdlarynda planetada \u00fdeli\u0148 turmagyna seb\u00e4p bolan tozan b\u00f6lejikleri hem bar. NASA suraty\u0148 ge\u00e7en a\u00fd d\u00fc\u015f\u00fcrilendigini m\u00e4lim etdi. Enjamdaky \u00fdadro \u00fdangyjy onu\u0148 gije-g\u00fcndiz i\u015flemegine m\u00fcmkin\u00e7ilik ber\u00fd\u00e4r. \u00ddagny \u201cCuriosity\u201d ga\u00fdry planetalardaky we asman jisimlerind\u00e4ki be\u00fdleki enjamlar \u00fdaly G\u00fcn \u015f\u00f6hlesinden zar\u00fdad almaga zerurlyk du\u00fdma\u00fdar.<\/p>\n","protected":false},"excerpt":{"rendered":"<p>AB\u015e-ny\u0148 aerokosmos edarasyny\u0148 \u201cCuriosity\u201d enjamy Marsy\u0148 t\u00e4ze suratyny iberdi. 2012-nji \u00fdylda Gyzyl planeta iberilen alty tigirli marsahody\u0148 iberen suratyndaky to\u00fdun ga\u00fdalar bu \u00fderde irki d\u00f6w\u00fcrlerde suwu\u0148 bolandygyny a\u0148lad\u00fdar. Suratda \u015fu \u00fdyly\u0148 tomus a\u00fdlarynda planetada \u00fdeli\u0148 turmagyna seb\u00e4p bolan tozan b\u00f6lejikleri hem bar. NASA suraty\u0148 ge\u00e7en a\u00fd d\u00fc\u015f\u00fcrilendigini m\u00e4lim etdi. Enjamdaky \u00fdadro \u00fdangyjy onu\u0148 gije-g\u00fcndiz i\u015flemegine [&hellip;]<\/p>\n","protected":false},"author":2,"featured_media":46895,"comment_status":"open","ping_status":"closed","sticky":false,"template":"","format":"standard","meta":{"footnotes":""},"categories":[5],"tags":[],"acf":[],"_links":{"self":[{"href":"https:\/\/zamanturkmenistan.com.tm\/index.php?rest_route=\/wp\/v2\/posts\/46894"}],"collection":[{"href":"https:\/\/zamanturkmenistan.com.tm\/index.php?rest_route=\/wp\/v2\/posts"}],"about":[{"href":"https:\/\/zamanturkmenistan.com.tm\/index.php?rest_route=\/wp\/v2\/types\/post"}],"author":[{"embeddable":true,"href":"https:\/\/zamanturkmenistan.com.tm\/index.php?rest_route=\/wp\/v2\/users\/2"}],"replies":[{"embeddable":true,"href":"https:\/\/zamanturkmenistan.com.tm\/index.php?rest_route=%2Fwp%2Fv2%2Fcomments&post=46894"}],"version-history":[{"count":0,"href":"https:\/\/zamanturkmenistan.com.tm\/index.php?rest_route=\/wp\/v2\/posts\/46894\/revisions"}],"wp:featuredmedia":[{"embeddable":true,"href":"https:\/\/zamanturkmenistan.com.tm\/index.php?rest_route=\/wp\/v2\/media\/46895"}],"wp:attachment":[{"href":"https:\/\/zamanturkmenistan.com.tm\/index.php?rest_route=%2Fwp%2Fv2%2Fmedia&parent=46894"}],"wp:term":[{"taxonomy":"category","embeddable":true,"href":"https:\/\/zamanturkmenistan.com.tm\/index.php?rest_route=%2Fwp%2Fv2%2Fcategories&post=46894"},{"taxonomy":"post_tag","embeddable":true,"href":"https:\/\/zamanturkmenistan.com.tm\/index.php?rest_route=%2Fwp%2Fv2%2Ftags&post=46894"}],"curies":[{"name":"wp","href":"https:\/\/api.w.org\/{rel}","templated":true}]}}