{"id":46911,"date":"2021-08-26T14:18:39","date_gmt":"2021-08-26T09:18:39","guid":{"rendered":"http:\/\/zamanturkmenistan.com.tm\/?p=46911"},"modified":"2021-08-26T14:18:39","modified_gmt":"2021-08-26T09:18:39","slug":"turkmen-owgan-serhedindaki-gozegcilik-goyberis-nokatlary-isleyar","status":"publish","type":"post","link":"https:\/\/zamanturkmenistan.com.tm\/?p=46911","title":{"rendered":"T\u00fcrkmen-owgan serhedind\u00e4ki g\u00f6zeg\u00e7ilik-go\u00fdberi\u015f nokatlary i\u015fle\u00fd\u00e4r"},"content":{"rendered":"<p>T\u00fcrkmenistan t\u00fcrkmen-owgan serhedind\u00e4ki g\u00f6zeg\u00e7ilik-go\u00fdberi\u015f nokatlaryny\u0148 b\u00f6kden\u00e7siz i\u015fini \u00fcpj\u00fcn etmegi dowam ed\u00fd\u00e4r.<\/p>\n<p>H\u00e4zirki wagtda \u00abYmamnazar-Akina\u00bb we \u00abSerhetabat-Turgundy\u00bb g\u00f6zeg\u00e7ilik-go\u00fdberi\u015f nokatlaryndan g\u00fcndelik esasda 70-den gowrak demir\u00fdol wagonlary hem-de 160-a gola\u00fd \u00fd\u00fck awtoulag seri\u015fdeleri go\u00fdberil\u00fd\u00e4r.<\/p>\n<p>Nebit \u00f6n\u00fcmleri, suwuklandyrylan gaz, d\u00e4ne, g\u00fcndelik sarp edi\u015f harytlary d\u00f6wlet serhedinden go\u00fdberil\u00fd\u00e4n \u00fd\u00fckleri\u0148 esasy b\u00f6legini d\u00fcz\u00fd\u00e4r.<\/p>\n<p>\u015eu nukda\u00fdnazardan, owgan tarapyny\u0148 Owganystana eksport edil\u00fd\u00e4n harytlar \u00fc\u00e7in g\u00fcmr\u00fck pa\u00e7laryny arzanladandygyny hem bellemek zerurdyr. .( https:\/\/www.mfa.gov.tm)<\/p>\n","protected":false},"excerpt":{"rendered":"<p>T\u00fcrkmenistan t\u00fcrkmen-owgan serhedind\u00e4ki g\u00f6zeg\u00e7ilik-go\u00fdberi\u015f nokatlaryny\u0148 b\u00f6kden\u00e7siz i\u015fini \u00fcpj\u00fcn etmegi dowam ed\u00fd\u00e4r. H\u00e4zirki wagtda \u00abYmamnazar-Akina\u00bb we \u00abSerhetabat-Turgundy\u00bb g\u00f6zeg\u00e7ilik-go\u00fdberi\u015f nokatlaryndan g\u00fcndelik esasda 70-den gowrak demir\u00fdol wagonlary hem-de 160-a gola\u00fd \u00fd\u00fck awtoulag seri\u015fdeleri go\u00fdberil\u00fd\u00e4r. Nebit \u00f6n\u00fcmleri, suwuklandyrylan gaz, d\u00e4ne, g\u00fcndelik sarp edi\u015f harytlary d\u00f6wlet serhedinden go\u00fdberil\u00fd\u00e4n \u00fd\u00fckleri\u0148 esasy b\u00f6legini d\u00fcz\u00fd\u00e4r. \u015eu nukda\u00fdnazardan, owgan tarapyny\u0148 Owganystana eksport edil\u00fd\u00e4n harytlar [&hellip;]<\/p>\n","protected":false},"author":2,"featured_media":46912,"comment_status":"open","ping_status":"closed","sticky":false,"template":"","format":"standard","meta":{"footnotes":""},"categories":[3],"tags":[],"acf":[],"_links":{"self":[{"href":"https:\/\/zamanturkmenistan.com.tm\/index.php?rest_route=\/wp\/v2\/posts\/46911"}],"collection":[{"href":"https:\/\/zamanturkmenistan.com.tm\/index.php?rest_route=\/wp\/v2\/posts"}],"about":[{"href":"https:\/\/zamanturkmenistan.com.tm\/index.php?rest_route=\/wp\/v2\/types\/post"}],"author":[{"embeddable":true,"href":"https:\/\/zamanturkmenistan.com.tm\/index.php?rest_route=\/wp\/v2\/users\/2"}],"replies":[{"embeddable":true,"href":"https:\/\/zamanturkmenistan.com.tm\/index.php?rest_route=%2Fwp%2Fv2%2Fcomments&post=46911"}],"version-history":[{"count":0,"href":"https:\/\/zamanturkmenistan.com.tm\/index.php?rest_route=\/wp\/v2\/posts\/46911\/revisions"}],"wp:featuredmedia":[{"embeddable":true,"href":"https:\/\/zamanturkmenistan.com.tm\/index.php?rest_route=\/wp\/v2\/media\/46912"}],"wp:attachment":[{"href":"https:\/\/zamanturkmenistan.com.tm\/index.php?rest_route=%2Fwp%2Fv2%2Fmedia&parent=46911"}],"wp:term":[{"taxonomy":"category","embeddable":true,"href":"https:\/\/zamanturkmenistan.com.tm\/index.php?rest_route=%2Fwp%2Fv2%2Fcategories&post=46911"},{"taxonomy":"post_tag","embeddable":true,"href":"https:\/\/zamanturkmenistan.com.tm\/index.php?rest_route=%2Fwp%2Fv2%2Ftags&post=46911"}],"curies":[{"name":"wp","href":"https:\/\/api.w.org\/{rel}","templated":true}]}}