{"id":47260,"date":"2021-08-31T16:59:06","date_gmt":"2021-08-31T11:59:06","guid":{"rendered":"http:\/\/zamanturkmenistan.com.tm\/?p=47260"},"modified":"2021-08-31T16:59:06","modified_gmt":"2021-08-31T11:59:06","slug":"alar-karis-estoniyanyn-taze-prezidenti","status":"publish","type":"post","link":"https:\/\/zamanturkmenistan.com.tm\/?p=47260","title":{"rendered":"Alar Karis &#8211; Estoni\u00fdany\u0148 t\u00e4ze Prezidenti"},"content":{"rendered":"<p>D\u00f6wlet Ba\u015ftutany wezipesine \u00fdeke-t\u00e4k dala\u015fg\u00e4r bolan Estoni\u00fdany\u0148 Milli muze\u00fdini\u0148 direktory Alar Karis Parlamentd\u00e4ki ikinji sa\u00fdlawda Estoni\u00fdany\u0148 prezidenti boldy. Bu barada 31-nji awgustda Baltika Respublikasyny\u0148 i\u0148 \u00fdokary kanun \u00e7ykaryjy guramasyny\u0148 metbugat gullugy habar berdi.<\/p>\n<p>Sa\u00fdlawy\u0148 ikinji tapgyrynda Karis d\u00f6wlet Ba\u015ftutany wezipesine \u00fdeke-t\u00e4k dala\u015fg\u00e4r bolup galdy, emma sa\u00fdlaw topary ikinji tapgyra ba\u015flamazdan ozal, deputatlary\u0148 be\u00fdleki dala\u015fg\u00e4rleri hem h\u00f6d\u00fcrl\u00e4p biljekdiklerini, \u00fd\u00f6ne munu\u0148 \u00fc\u00e7in 21 golu\u0148 zerurdygyny m\u00e4lim etdiler. \u015ee\u00fdle-de bolsa, halk wekilleri bu pursatdan pe\u00fddalanmadylar.<\/p>\n<p>&#8220;Dala\u015fg\u00e4ri sa\u00fdlamak \u00fc\u00e7in halk deputatlaryny\u0148 azyndan \u00fc\u00e7den iki b\u00f6leginden, \u00fdagny 101-den 68 ses almalydy. Karisi\u0148 sa\u00fdlanmagyna 72 deputat ses berdi. Sekiz sa\u00fdlaw b\u00fdulleteni doldurylmady. Jemi 80 deputat ses berdi&#8221; \u2013 di\u00fdlip be\u00fdanatda a\u00fddyl\u00fdar.<\/p>\n<p>Prezident sa\u00fdlawlaryny\u0148 birinji tapgyry du\u015fenbe g\u00fcni ge\u00e7irildi. Gizlin ses beri\u015flikde Karisi\u0148 dala\u015fg\u00e4rligine\u00a0 63 deputat ses berdi, 16 b\u00fdulleten doldurylmady, 22 kanun \u00e7ykaryjy ses beri\u015flige gatna\u015fmady. Jemi 79 deputat ses berdi. Netijede Karis \u00fde\u0148i\u015f gazanmak \u00fc\u00e7in b\u00e4\u015f ses alyp bilmedi.<\/p>\n<p>Estoni\u00fdany\u0148 Prezidenti b\u00e4\u015f \u00fdyl m\u00f6hlet bilen sa\u00fdlan\u00fdar. Hi\u00e7 kim yzly-yzyna iki m\u00f6hletden k\u00f6p Respublikany\u0148 Prezidenti wezipesine sa\u00fdlanyp bilme\u00fd\u00e4r.<\/p>\n","protected":false},"excerpt":{"rendered":"<p>D\u00f6wlet Ba\u015ftutany wezipesine \u00fdeke-t\u00e4k dala\u015fg\u00e4r bolan Estoni\u00fdany\u0148 Milli muze\u00fdini\u0148 direktory Alar Karis Parlamentd\u00e4ki ikinji sa\u00fdlawda Estoni\u00fdany\u0148 prezidenti boldy. Bu barada 31-nji awgustda Baltika Respublikasyny\u0148 i\u0148 \u00fdokary kanun \u00e7ykaryjy guramasyny\u0148 metbugat gullugy habar berdi. Sa\u00fdlawy\u0148 ikinji tapgyrynda Karis d\u00f6wlet Ba\u015ftutany wezipesine \u00fdeke-t\u00e4k dala\u015fg\u00e4r bolup galdy, emma sa\u00fdlaw topary ikinji tapgyra ba\u015flamazdan ozal, deputatlary\u0148 be\u00fdleki dala\u015fg\u00e4rleri hem [&hellip;]<\/p>\n","protected":false},"author":2,"featured_media":47261,"comment_status":"open","ping_status":"closed","sticky":false,"template":"","format":"standard","meta":{"footnotes":""},"categories":[5],"tags":[1684],"acf":[],"_links":{"self":[{"href":"https:\/\/zamanturkmenistan.com.tm\/index.php?rest_route=\/wp\/v2\/posts\/47260"}],"collection":[{"href":"https:\/\/zamanturkmenistan.com.tm\/index.php?rest_route=\/wp\/v2\/posts"}],"about":[{"href":"https:\/\/zamanturkmenistan.com.tm\/index.php?rest_route=\/wp\/v2\/types\/post"}],"author":[{"embeddable":true,"href":"https:\/\/zamanturkmenistan.com.tm\/index.php?rest_route=\/wp\/v2\/users\/2"}],"replies":[{"embeddable":true,"href":"https:\/\/zamanturkmenistan.com.tm\/index.php?rest_route=%2Fwp%2Fv2%2Fcomments&post=47260"}],"version-history":[{"count":0,"href":"https:\/\/zamanturkmenistan.com.tm\/index.php?rest_route=\/wp\/v2\/posts\/47260\/revisions"}],"wp:featuredmedia":[{"embeddable":true,"href":"https:\/\/zamanturkmenistan.com.tm\/index.php?rest_route=\/wp\/v2\/media\/47261"}],"wp:attachment":[{"href":"https:\/\/zamanturkmenistan.com.tm\/index.php?rest_route=%2Fwp%2Fv2%2Fmedia&parent=47260"}],"wp:term":[{"taxonomy":"category","embeddable":true,"href":"https:\/\/zamanturkmenistan.com.tm\/index.php?rest_route=%2Fwp%2Fv2%2Fcategories&post=47260"},{"taxonomy":"post_tag","embeddable":true,"href":"https:\/\/zamanturkmenistan.com.tm\/index.php?rest_route=%2Fwp%2Fv2%2Ftags&post=47260"}],"curies":[{"name":"wp","href":"https:\/\/api.w.org\/{rel}","templated":true}]}}