{"id":47430,"date":"2021-09-02T17:11:12","date_gmt":"2021-09-02T12:11:12","guid":{"rendered":"http:\/\/zamanturkmenistan.com.tm\/?p=47430"},"modified":"2021-09-02T17:11:12","modified_gmt":"2021-09-02T12:11:12","slug":"galyndylar-gaytadan-isleniler","status":"publish","type":"post","link":"https:\/\/zamanturkmenistan.com.tm\/?p=47430","title":{"rendered":"Ga\u00adlyn\u00addy\u00adla\u00adr\u00ad  ga\u00fdtadan i\u015fleniler"},"content":{"rendered":"<p>Ita\u00adli\u00ad\u00fda\u00adda gur\u00adlu\u00ad\u015fyk ma\u00adte\u00adri\u00adal\u00adla\u00adry oba ho\u00adja\u00adly\u00adgy \u00f6n\u00fcm\u00adle\u00adri\u00adni\u0148 ga\u00adlyn\u00addy\u00adla\u00adryn\u00addan \u00f6n\u00add\u00fc\u00adri\u00adler. H\u00e4\u00adzir\u00adki wagt\u00adda \u00fdurt\u00adda ze\u00fd\u00adtun \u00fdap\u00adrak\u00adla\u00adry, sa\u00adman we be\u00fd\u00adle\u00adki oba ho\u00adja\u00adly\u00adgy \u00f6n\u00fcm\u00adle\u00adri\u00adni\u0148 ga\u00adlyn\u00addy\u00adla\u00adry ga\u00fd\u00adta\u00addan i\u015f\u00adlen\u00adme\u00ad\u00fd\u00e4r. Ola\u00adr k\u00f6p\u00adlen\u00e7 \u00fdakyl\u00ad\u00fdar.<br \/>\nBa\u00adri \u015f\u00e4\u00adhe\u00adri\u00adni\u0148 po\u00adli\u00adteh\u00adni\u00adki ins\u00adti\u00adtu\u00adty\u00adny\u0148 alym\u00adla\u00adry bu ga\u00adlyn\u00addy\u00adla\u00adry\u0148 h\u00e4\u00adsi\u00ad\u00fdet\u00adle\u00adri\u00adni \u00f6w\u00adren\u00addi\u00adler we ja\u00fd gur\u00admak \u00fc\u00e7in ter\u00admi\u00adki izol\u00ad\u00fda\u00adsi\u00ad\u00fda we ses si\u0148\u00addi\u00adri\u00adji pa\u00adnel\u00adle\u00adri \u00f6n\u00add\u00fcr\u00admek \u00fc\u00e7in ula\u00adny\u00adlyp bil\u00adner di\u00ad\u00fden ne\u00adti\u00adj\u00e4 gel\u00addi\u00adler. \u015ee\u00fd\u00adle pa\u00adnel\u00adle\u00adri \u00fda\u00adsa\u00admak \u00fc\u00e7in hat\u00adda go\u015f\u00adma\u00ad\u00e7a \u00e7ig mal hem ge\u00adrek d\u00e4l &#8211; zi\u00adbi\u00adli pres\u00adle\u00admek ar\u00adka\u00adly ma\u00adte\u00adri\u00adal \u00f6n\u00add\u00fcr\u00admek bo\u00adlar.<br \/>\nIta\u00adli\u00ad\u00fda\u00adny\u0148 \u00fdol\u00adba\u015f\u00ad\u00e7y\u00adla\u00adry oba ho\u00adja\u00adly\u00adgy \u00f6n\u00fcm\u00adle\u00adri\u00adni\u0148 ga\u00adlyn\u00addy\u00adla\u00adryn\u00addan \u00fder\u00adlik\u00adli pe\u00fd\u00adda\u00adlan\u00adma\u00adgy\u0148 ta\u00adla\u00adba\u00adla\u00ad\u00fdyk bol\u00ad\u00fdan\u00addy\u00adgy\u00adny bel\u00adle\u00ad\u00fd\u00e4r\u00adler. \u015eo\u00adnu\u0148 \u00fc\u00e7in da\u00fd\u00adhan\u00adla\u00adry \u015fe\u00fd\u00adle pa\u00adnel\u00adle\u00adri \u00f6n\u00add\u00fc\u00adrip ba\u015f\u00adla\u00adma\u00adga \u00e7a\u00adgyr\u00addy\u00adlar. Da\u00fd\u00adhan\u00adlar \u00fc\u00e7in \u00fd\u00f6\u00adri\u00adte okuw se\u00admi\u00adnar\u00adla\u00adry ge\u00ad\u00e7i\u00adri\u00adler we gel\u00adjek\u00adde \u00fdur\u00addu\u0148 gur\u00adlu\u00ad\u015fyk ba\u00adzar\u00adla\u00adry\u00adna pa\u00adnel\u00adler \u00fc\u00e7in \u00fcp\u00adj\u00fcn\u00ad\u00e7i\u00adlik zyn\u00adjy\u00adry gu\u00adra\u00adlar.<br \/>\nBu tas\u00adla\u00adma \u00ddew\u00adro\u00adpa Bi\u00adle\u00adle\u00ad\u015fi\u00adgi ta\u00adra\u00adpyn\u00addan hem do\u00adly gol\u00adda\u00adwa e\u00fde bol\u00addy. Umu\u00adman, \u00ddew\u00adro\u00adpa Bi\u00adle\u00adle\u00ad\u015fi\u00adgi\u00adni\u0148 be\u00fd\u00adle\u00adki \u00fdurt\u00adla\u00adryn\u00adda hem oba ho\u00adja\u00adly\u00adgy \u00f6n\u00fcm\u00adle\u00adri\u00adni\u0148 ga\u00adlyn\u00addy\u00adla\u00adry\u00adny ga\u00fd\u00adta\u00addan i\u015f\u00adle\u00adm\u00e4\u00adge a\u00fd\u00adra\u00adtyn \u00e4h\u00admi\u00ad\u00fdet ber\u00adler.<\/p>\n<p>S\u00f6\u00ad\u00fd\u00fcn\u00admy\u00adrat RE\u00adJEP\u00adGEL\u00adDI\u00ad\u00ddEW,<br \/>\nS. A. Ny\u00ad\u00fda\u00adzow adyn\u00adda\u00adky T\u00fcrk\u00admen oba ho\u00adja\u00adlyk uni\u00adwer\u00adsi\u00adte\u00adti\u00adni\u0148 ta\u00adly\u00adby.<\/p>\n","protected":false},"excerpt":{"rendered":"<p>Ita\u00adli\u00ad\u00fda\u00adda gur\u00adlu\u00ad\u015fyk ma\u00adte\u00adri\u00adal\u00adla\u00adry oba ho\u00adja\u00adly\u00adgy \u00f6n\u00fcm\u00adle\u00adri\u00adni\u0148 ga\u00adlyn\u00addy\u00adla\u00adryn\u00addan \u00f6n\u00add\u00fc\u00adri\u00adler. H\u00e4\u00adzir\u00adki wagt\u00adda \u00fdurt\u00adda ze\u00fd\u00adtun \u00fdap\u00adrak\u00adla\u00adry, sa\u00adman we be\u00fd\u00adle\u00adki oba ho\u00adja\u00adly\u00adgy \u00f6n\u00fcm\u00adle\u00adri\u00adni\u0148 ga\u00adlyn\u00addy\u00adla\u00adry ga\u00fd\u00adta\u00addan i\u015f\u00adlen\u00adme\u00ad\u00fd\u00e4r. Ola\u00adr k\u00f6p\u00adlen\u00e7 \u00fdakyl\u00ad\u00fdar. Ba\u00adri \u015f\u00e4\u00adhe\u00adri\u00adni\u0148 po\u00adli\u00adteh\u00adni\u00adki ins\u00adti\u00adtu\u00adty\u00adny\u0148 alym\u00adla\u00adry bu ga\u00adlyn\u00addy\u00adla\u00adry\u0148 h\u00e4\u00adsi\u00ad\u00fdet\u00adle\u00adri\u00adni \u00f6w\u00adren\u00addi\u00adler we ja\u00fd gur\u00admak \u00fc\u00e7in ter\u00admi\u00adki izol\u00ad\u00fda\u00adsi\u00ad\u00fda we ses si\u0148\u00addi\u00adri\u00adji pa\u00adnel\u00adle\u00adri \u00f6n\u00add\u00fcr\u00admek \u00fc\u00e7in ula\u00adny\u00adlyp bil\u00adner di\u00ad\u00fden ne\u00adti\u00adj\u00e4 gel\u00addi\u00adler. \u015ee\u00fd\u00adle pa\u00adnel\u00adle\u00adri \u00fda\u00adsa\u00admak \u00fc\u00e7in [&hellip;]<\/p>\n","protected":false},"author":1,"featured_media":47431,"comment_status":"open","ping_status":"closed","sticky":false,"template":"","format":"standard","meta":{"footnotes":""},"categories":[3],"tags":[],"acf":[],"_links":{"self":[{"href":"https:\/\/zamanturkmenistan.com.tm\/index.php?rest_route=\/wp\/v2\/posts\/47430"}],"collection":[{"href":"https:\/\/zamanturkmenistan.com.tm\/index.php?rest_route=\/wp\/v2\/posts"}],"about":[{"href":"https:\/\/zamanturkmenistan.com.tm\/index.php?rest_route=\/wp\/v2\/types\/post"}],"author":[{"embeddable":true,"href":"https:\/\/zamanturkmenistan.com.tm\/index.php?rest_route=\/wp\/v2\/users\/1"}],"replies":[{"embeddable":true,"href":"https:\/\/zamanturkmenistan.com.tm\/index.php?rest_route=%2Fwp%2Fv2%2Fcomments&post=47430"}],"version-history":[{"count":0,"href":"https:\/\/zamanturkmenistan.com.tm\/index.php?rest_route=\/wp\/v2\/posts\/47430\/revisions"}],"wp:featuredmedia":[{"embeddable":true,"href":"https:\/\/zamanturkmenistan.com.tm\/index.php?rest_route=\/wp\/v2\/media\/47431"}],"wp:attachment":[{"href":"https:\/\/zamanturkmenistan.com.tm\/index.php?rest_route=%2Fwp%2Fv2%2Fmedia&parent=47430"}],"wp:term":[{"taxonomy":"category","embeddable":true,"href":"https:\/\/zamanturkmenistan.com.tm\/index.php?rest_route=%2Fwp%2Fv2%2Fcategories&post=47430"},{"taxonomy":"post_tag","embeddable":true,"href":"https:\/\/zamanturkmenistan.com.tm\/index.php?rest_route=%2Fwp%2Fv2%2Ftags&post=47430"}],"curies":[{"name":"wp","href":"https:\/\/api.w.org\/{rel}","templated":true}]}}