{"id":47439,"date":"2021-09-02T17:14:20","date_gmt":"2021-09-02T12:14:20","guid":{"rendered":"http:\/\/zamanturkmenistan.com.tm\/?p=47439"},"modified":"2021-09-02T17:14:20","modified_gmt":"2021-09-02T12:14:20","slug":"gorayjylygy-subut-edildi","status":"publish","type":"post","link":"https:\/\/zamanturkmenistan.com.tm\/?p=47439","title":{"rendered":"Go\u00adra\u00fd\u00adjy\u00adly\u00adgy su\u00adbut edil\u00addi"},"content":{"rendered":"<p>AB\u015e-ly alym\u00adla\u00adry\u0148 ge\u00ad\u00e7i\u00adren yl\u00admy-bar\u00adla\u00adgy agyz-bu\u00adrun \u00f6r\u00adt\u00fck\u00adle\u00adri\u00adni\u0148 ho\u00adwa ar\u00adka\u00adly \u00fdo\u00adku\u015f\u00ad\u00fdan d\u00fcr\u00adli ke\u00adsel\u00adle\u00adri\u0148, \u015fol san\u00adda ko\u00adro\u00adna\u00adwi\u00adru\u00adsy\u0148 \u00fda\u00fd\u00adra\u00adma\u00adgy\u00adny\u0148 \u00f6\u0148\u00fc\u00adni al\u00ad\u00fdan\u00addy\u00adgy\u00adny su\u00adbut et\u00addi. Bang\u00adla\u00adde\u015f\u00adde 340 m\u00fc\u0148 ada\u00admy\u0148 gat\u00adna\u015f\u00adma\u00adgyn\u00adda ge\u00ad\u00e7i\u00adri\u00adlen bar\u00adlag\u00adda \u00f6r\u00adt\u00fc\u00adgi\u0148 \u00abCovid-19\u00bb \u00fdo\u00adkan\u00adjy\u00adny\u0148 \u00f6\u0148\u00fc\u00adni al\u00admak\u00adda t\u00e4\u00adsir\u00adli\u00addi\u00adgi bel\u00adle\u00adnil\u00addi. Bu \u00f6r\u00adt\u00fck\u00adle\u00adri\u0148 60 \u00fda\u015f\u00addan uly adam\u00adlar\u00adda hem t\u00e4\u00adsir\u00adli\u00addi\u00adgi anyk\u00adlan\u00addy. Bu bar\u00adlag h\u00e4\u00adzi\u00adre \u00e7en\u00adli bu ugur\u00adda ge\u00ad\u00e7i\u00adri\u00adlen i\u0148 gi\u00ad\u0148i\u015f\u00adle\u00ad\u00fdin yl\u00admy i\u015f ha\u00adsap\u00adlan\u00ad\u00fdar. Yl\u00admy i\u015fi AB\u015e-ny\u0148 \u00ddel hem-de Sten\u00adford uni\u00adwer\u00adsi\u00adtet\u00adle\u00adri\u00adni\u0148 h\u00fc\u00adn\u00e4r\u00admen\u00adle\u00adri ta\u00fd\u00ad\u00fdar\u00adla\u00addy. Mun\u00addan ozal ko\u00adro\u00adna\u00adwi\u00adru\u00adsy\u0148 pe\u00fd\u00adda bo\u00adla\u00adny b\u00e4\u00adri di\u00ad\u0148e has\u00adsa\u00adha\u00adna\u00adlar\u00adda we la\u00adbo\u00adra\u00adto\u00adri\u00ad\u00fda\u00adlar\u00adda bu ugur\u00adda g\u00f6z\u00adleg i\u015f\u00adle\u00adri ge\u00ad\u00e7i\u00adri\u00adlip\u00addi.<br \/>\nYl\u00admy i\u015fe gat\u00adna\u00ad\u015fan\u00adla\u00adry\u0148 29 g\u00f6\u00adte\u00adri\u00admi he\u00admi\u00ad\u015fe \u00f6r\u00adt\u00fck da\u00adkyn\u00ad\u00fdan eken. H\u00fc\u00adn\u00e4r\u00admen\u00adler \u00f6r\u00adt\u00fck da\u00adkyn\u00adylma\u00adgy\u00adny\u0148 has k\u00f6p pe\u00fd\u00adda\u00adsy\u00adny\u0148 bol\u00adjak\u00addy\u00adgy\u00adna \u00fcn\u00adsi \u00e7ek\u00ad\u00fd\u00e4r\u00adler.<br \/>\nKa\u00adli\u00adfor\u00adni\u00ad\u00fda uni\u00adwer\u00adsi\u00adte\u00adtin\u00adde da\u015f\u00adky gur\u00ad\u015fa\u00adwy\u0148 sag\u00adly\u00adgy ba\u00adbat\u00adda i\u015f alyp bar\u00ad\u00fdan, yl\u00admy i\u015fi\u0148 aw\u00adtor\u00adda\u00ad\u015fy bo\u00adlan Lau\u00adra Kwong la\u00adbo\u00adra\u00adto\u00adri\u00ad\u00fda\u00adda ama\u00adla a\u015fy\u00adry\u00adlan yl\u00admy i\u015f\u00adle\u00adri\u0148 ha\u00adky\u00adky dur\u00admu\u015f\u00adda n\u00e4\u00adde\u00adre\u00adje\u00adde t\u00e4\u00adsir\u00adli\u00addi\u00adgi\u00adni g\u00f6r\u00adm\u00e4\u00adge m\u00fcm\u00adkin\u00ad\u00e7i\u00adlik ber\u00ad\u00fd\u00e4n ta\u00adkyk mag\u00adlu\u00admat\u00adla\u00adry top\u00adlan\u00addyk\u00adla\u00adry\u00adny bel\u00adle\u00ad\u00fd\u00e4r.<\/p>\n","protected":false},"excerpt":{"rendered":"<p>AB\u015e-ly alym\u00adla\u00adry\u0148 ge\u00ad\u00e7i\u00adren yl\u00admy-bar\u00adla\u00adgy agyz-bu\u00adrun \u00f6r\u00adt\u00fck\u00adle\u00adri\u00adni\u0148 ho\u00adwa ar\u00adka\u00adly \u00fdo\u00adku\u015f\u00ad\u00fdan d\u00fcr\u00adli ke\u00adsel\u00adle\u00adri\u0148, \u015fol san\u00adda ko\u00adro\u00adna\u00adwi\u00adru\u00adsy\u0148 \u00fda\u00fd\u00adra\u00adma\u00adgy\u00adny\u0148 \u00f6\u0148\u00fc\u00adni al\u00ad\u00fdan\u00addy\u00adgy\u00adny su\u00adbut et\u00addi. Bang\u00adla\u00adde\u015f\u00adde 340 m\u00fc\u0148 ada\u00admy\u0148 gat\u00adna\u015f\u00adma\u00adgyn\u00adda ge\u00ad\u00e7i\u00adri\u00adlen bar\u00adlag\u00adda \u00f6r\u00adt\u00fc\u00adgi\u0148 \u00abCovid-19\u00bb \u00fdo\u00adkan\u00adjy\u00adny\u0148 \u00f6\u0148\u00fc\u00adni al\u00admak\u00adda t\u00e4\u00adsir\u00adli\u00addi\u00adgi bel\u00adle\u00adnil\u00addi. Bu \u00f6r\u00adt\u00fck\u00adle\u00adri\u0148 60 \u00fda\u015f\u00addan uly adam\u00adlar\u00adda hem t\u00e4\u00adsir\u00adli\u00addi\u00adgi anyk\u00adlan\u00addy. Bu bar\u00adlag h\u00e4\u00adzi\u00adre \u00e7en\u00adli bu ugur\u00adda ge\u00ad\u00e7i\u00adri\u00adlen i\u0148 gi\u00ad\u0148i\u015f\u00adle\u00ad\u00fdin yl\u00admy i\u015f ha\u00adsap\u00adlan\u00ad\u00fdar. Yl\u00admy [&hellip;]<\/p>\n","protected":false},"author":1,"featured_media":47440,"comment_status":"open","ping_status":"closed","sticky":false,"template":"","format":"standard","meta":{"footnotes":""},"categories":[3],"tags":[],"acf":[],"_links":{"self":[{"href":"https:\/\/zamanturkmenistan.com.tm\/index.php?rest_route=\/wp\/v2\/posts\/47439"}],"collection":[{"href":"https:\/\/zamanturkmenistan.com.tm\/index.php?rest_route=\/wp\/v2\/posts"}],"about":[{"href":"https:\/\/zamanturkmenistan.com.tm\/index.php?rest_route=\/wp\/v2\/types\/post"}],"author":[{"embeddable":true,"href":"https:\/\/zamanturkmenistan.com.tm\/index.php?rest_route=\/wp\/v2\/users\/1"}],"replies":[{"embeddable":true,"href":"https:\/\/zamanturkmenistan.com.tm\/index.php?rest_route=%2Fwp%2Fv2%2Fcomments&post=47439"}],"version-history":[{"count":0,"href":"https:\/\/zamanturkmenistan.com.tm\/index.php?rest_route=\/wp\/v2\/posts\/47439\/revisions"}],"wp:featuredmedia":[{"embeddable":true,"href":"https:\/\/zamanturkmenistan.com.tm\/index.php?rest_route=\/wp\/v2\/media\/47440"}],"wp:attachment":[{"href":"https:\/\/zamanturkmenistan.com.tm\/index.php?rest_route=%2Fwp%2Fv2%2Fmedia&parent=47439"}],"wp:term":[{"taxonomy":"category","embeddable":true,"href":"https:\/\/zamanturkmenistan.com.tm\/index.php?rest_route=%2Fwp%2Fv2%2Fcategories&post=47439"},{"taxonomy":"post_tag","embeddable":true,"href":"https:\/\/zamanturkmenistan.com.tm\/index.php?rest_route=%2Fwp%2Fv2%2Ftags&post=47439"}],"curies":[{"name":"wp","href":"https:\/\/api.w.org\/{rel}","templated":true}]}}