{"id":47675,"date":"2021-09-07T16:47:54","date_gmt":"2021-09-07T11:47:54","guid":{"rendered":"http:\/\/zamanturkmenistan.com.tm\/?p=47675"},"modified":"2021-09-07T16:57:50","modified_gmt":"2021-09-07T11:57:50","slug":"atiyaclyk-saylarynyn-howpsuzlyk-tazelenmesi-goldawy-guyclenyar","status":"publish","type":"post","link":"https:\/\/zamanturkmenistan.com.tm\/?p=47675","title":{"rendered":"\u00c4ti\u00fda\u00e7lyk \u015fa\u00fdlaryny\u0148 howpsuzlyk t\u00e4zelenmesi goldawy g\u00fc\u00fd\u00e7len\u00fd\u00e4r"},"content":{"rendered":"<p>\u00d6nd\u00fcrijiler, adat\u00e7a, tehnologi\u00fda d\u00fcn\u00fd\u00e4sini\u0148 i\u0148 k\u00f6p satyl\u00fdan we m\u00f6h\u00fcm ugurlaryndan biri bolan smartfonlar \u00fc\u00e7in \u00e4ti\u00fda\u00e7lyk \u015fa\u00fdlary we 2-3 \u00fdyl t\u00e4zelenme goldawy bilen \u00fcpj\u00fcn ed\u00fd\u00e4rler. Germani\u00fda bu \u00fdagda\u00fdy\u0148 \u00fc\u00fdtgemelidigine \u00fcnsi \u00e7ekip, \u00ddewropa Bilele\u015figine t\u00e4ze teklip berdi. Germani\u00fdany\u0148 h\u00f6k\u00fcmeti tarapyndan berlen teklibe g\u00f6r\u00e4, 7 \u00fdyllap smartfonlar we plan\u015fetler \u00fc\u00e7in howpsuzlyk t\u00e4zelenmeleri we \u00e4ti\u00fda\u00e7lyk \u015fa\u00fdlary goldawy talap edil\u00fd\u00e4r. H\u00e4zirki wagtda \u00ddewropa Bilele\u015figi 5 \u00fdyla \u00e7enli t\u00e4zelenmegi we \u00e4ti\u00fda\u00e7lyk \u015fa\u00fdlary goldawyny 6 \u00fdyla \u00e7enli azaltmak \u00fc\u00e7in i\u015fle\u00fd\u00e4r. Bu \u00f6nd\u00fcrijiden \u00f6nd\u00fcrij\u00e4 \u00fc\u00fdtgese-de, 2 \u00fdyldan 3 \u00fdyla \u00e7enli beril\u00fd\u00e4r. Howpsuzlyk t\u00e4zelenmesi we \u00e4ti\u00fda\u00e7lyk \u015fa\u00fdlaryny goldamak d\u00f6w\u00fcrlerinden ba\u015fga-da, Germani\u00fda \u00e4ti\u00fda\u00e7lyk \u015fa\u00fdlaryny\u0148 bahalary barada teklip h\u00f6d\u00fcrledi. Bu teklipde \u00e4ti\u00fda\u00e7lyk \u015fa\u00fdlaryny\u0148 bahalaryny\u0148 gymmatdygy we ulanyjylara el\u00fdeterli bahadan h\u00f6d\u00fcrlenmelidigi belledi. Germani\u00fda \u00ddewropa Bilele\u015figini\u0148 sarp edijileri\u0148 teklibi bilen has berk \u00e4dim \u00e4tmegini islese-de, \u00f6nd\u00fcrijiler bu ha\u00fdy\u015flary\u0148 a\u015fa k\u00f6pd\u00fcgini a\u00fdd\u00fdarlar. \u201cApple\u201d, \u201cSamsung\u201d, \u201cGoogle\u201d we \u201cHuawei\u201d \u00fdaly m\u00f6h\u00fcm \u00f6nd\u00fcrijilere wekil\u00e7ilik ed\u00fd\u00e4n \u201cDigitalEurope\u201d howpsuzlyk t\u00e4zelenmesini\u0148 3 \u00fdyl berilmelidigini \u00f6\u0148e s\u00fcr\u00fd\u00e4r.<\/p>\n","protected":false},"excerpt":{"rendered":"<p>\u00d6nd\u00fcrijiler, adat\u00e7a, tehnologi\u00fda d\u00fcn\u00fd\u00e4sini\u0148 i\u0148 k\u00f6p satyl\u00fdan we m\u00f6h\u00fcm ugurlaryndan biri bolan smartfonlar \u00fc\u00e7in \u00e4ti\u00fda\u00e7lyk \u015fa\u00fdlary we 2-3 \u00fdyl t\u00e4zelenme goldawy bilen \u00fcpj\u00fcn ed\u00fd\u00e4rler. Germani\u00fda bu \u00fdagda\u00fdy\u0148 \u00fc\u00fdtgemelidigine \u00fcnsi \u00e7ekip, \u00ddewropa Bilele\u015figine t\u00e4ze teklip berdi. Germani\u00fdany\u0148 h\u00f6k\u00fcmeti tarapyndan berlen teklibe g\u00f6r\u00e4, 7 \u00fdyllap smartfonlar we plan\u015fetler \u00fc\u00e7in howpsuzlyk t\u00e4zelenmeleri we \u00e4ti\u00fda\u00e7lyk \u015fa\u00fdlary goldawy talap edil\u00fd\u00e4r. [&hellip;]<\/p>\n","protected":false},"author":2,"featured_media":47683,"comment_status":"open","ping_status":"closed","sticky":false,"template":"","format":"standard","meta":{"footnotes":""},"categories":[5,8],"tags":[],"acf":[],"_links":{"self":[{"href":"https:\/\/zamanturkmenistan.com.tm\/index.php?rest_route=\/wp\/v2\/posts\/47675"}],"collection":[{"href":"https:\/\/zamanturkmenistan.com.tm\/index.php?rest_route=\/wp\/v2\/posts"}],"about":[{"href":"https:\/\/zamanturkmenistan.com.tm\/index.php?rest_route=\/wp\/v2\/types\/post"}],"author":[{"embeddable":true,"href":"https:\/\/zamanturkmenistan.com.tm\/index.php?rest_route=\/wp\/v2\/users\/2"}],"replies":[{"embeddable":true,"href":"https:\/\/zamanturkmenistan.com.tm\/index.php?rest_route=%2Fwp%2Fv2%2Fcomments&post=47675"}],"version-history":[{"count":0,"href":"https:\/\/zamanturkmenistan.com.tm\/index.php?rest_route=\/wp\/v2\/posts\/47675\/revisions"}],"wp:featuredmedia":[{"embeddable":true,"href":"https:\/\/zamanturkmenistan.com.tm\/index.php?rest_route=\/wp\/v2\/media\/47683"}],"wp:attachment":[{"href":"https:\/\/zamanturkmenistan.com.tm\/index.php?rest_route=%2Fwp%2Fv2%2Fmedia&parent=47675"}],"wp:term":[{"taxonomy":"category","embeddable":true,"href":"https:\/\/zamanturkmenistan.com.tm\/index.php?rest_route=%2Fwp%2Fv2%2Fcategories&post=47675"},{"taxonomy":"post_tag","embeddable":true,"href":"https:\/\/zamanturkmenistan.com.tm\/index.php?rest_route=%2Fwp%2Fv2%2Ftags&post=47675"}],"curies":[{"name":"wp","href":"https:\/\/api.w.org\/{rel}","templated":true}]}}