{"id":48000,"date":"2021-09-14T16:14:29","date_gmt":"2021-09-14T11:14:29","guid":{"rendered":"http:\/\/zamanturkmenistan.com.tm\/?p=48000"},"modified":"2021-09-14T16:14:29","modified_gmt":"2021-09-14T11:14:29","slug":"angela-merkel-serbiyada","status":"publish","type":"post","link":"https:\/\/zamanturkmenistan.com.tm\/?p=48000","title":{"rendered":"Angela Merkel Serbi\u00fdada"},"content":{"rendered":"<p>Angela Merkel \u00ddewropa Bilele\u015figine Balkan \u00fdurtlaryny\u0148 go\u015fulmagyny goldamak \u00fc\u00e7in Serbi\u00fda sapar bilen geldi. German Kansleri saparyny\u0148 dowamynda \u00ddewropa Bilele\u015figini sebitd\u00e4ki t\u00e4sirini g\u00fc\u00fd\u00e7lendirm\u00e4ge \u00e7agyry\u015f etdi. Belgradda Serbi\u00fdany\u0148 Prezidenti Aleksandar Wu\u00e7i\u00e7 bilen bilelikde ge\u00e7irilen metbugat \u00fdygnagynda:<\/p>\n<p>-Biz, e\u00fd\u00fd\u00e4m \u00ddewropa Bilele\u015figini\u0148 agzalary bolan \u00fdewropalylar, hemi\u015fe geostrategik gyzyklanmamyzy\u0148 bu \u00fdurtlary \u00ddewropa Bilele\u015figine kabul etmekdigini unutmaly d\u00e4ldiris. H\u00e4zir biz bu \u00fdolda ha\u00fdal-\u00fdagallygy\u0148 bardygyny g\u00f6r\u00fd\u00e4ris, \u015fe\u00fdle-de Balkanlarda k\u00f6p babatda d\u00fcn\u00fd\u00e4ni\u0148 be\u00fdleki sebitlerini\u0148 t\u00e4siri hem du\u00fdul\u00fdar \u2013 di\u00fdip, belledi.<\/p>\n<p>Merkel Serbi\u00fdany\u0148 h\u00f6k\u00fcmetini kanuny\u0148 r\u00fcstemligi, demokrati\u00fda, jemgy\u00fdeti\u0148 pl\u00fduralizmi \u00fc\u00e7in mundan be\u00fdl\u00e4kki i\u015fleri \u00f6\u0148e ilerletm\u00e4ge, geple\u015fikler arkaly Kosowa bilen meseleleri\u0148 \u00e7\u00f6zg\u00fcdini tapmaga \u00e7agyrdy.<\/p>\n<p>Belgraddan so\u0148, GFR-i\u0148 Kansleri Tirana gidip, \u00ddB-ne agza bolmak isle\u00fd\u00e4n Albani\u00fdany\u0148 we G\u00fcnbatar Balkan \u00fdurtlaryny\u0148 b\u00e4\u015fisini\u0148 liderleri bilen du\u015fu\u015far.<\/p>\n","protected":false},"excerpt":{"rendered":"<p>Angela Merkel \u00ddewropa Bilele\u015figine Balkan \u00fdurtlaryny\u0148 go\u015fulmagyny goldamak \u00fc\u00e7in Serbi\u00fda sapar bilen geldi. German Kansleri saparyny\u0148 dowamynda \u00ddewropa Bilele\u015figini sebitd\u00e4ki t\u00e4sirini g\u00fc\u00fd\u00e7lendirm\u00e4ge \u00e7agyry\u015f etdi. Belgradda Serbi\u00fdany\u0148 Prezidenti Aleksandar Wu\u00e7i\u00e7 bilen bilelikde ge\u00e7irilen metbugat \u00fdygnagynda: -Biz, e\u00fd\u00fd\u00e4m \u00ddewropa Bilele\u015figini\u0148 agzalary bolan \u00fdewropalylar, hemi\u015fe geostrategik gyzyklanmamyzy\u0148 bu \u00fdurtlary \u00ddewropa Bilele\u015figine kabul etmekdigini unutmaly d\u00e4ldiris. H\u00e4zir biz bu [&hellip;]<\/p>\n","protected":false},"author":2,"featured_media":48001,"comment_status":"open","ping_status":"closed","sticky":false,"template":"","format":"standard","meta":{"footnotes":""},"categories":[5],"tags":[],"acf":[],"_links":{"self":[{"href":"https:\/\/zamanturkmenistan.com.tm\/index.php?rest_route=\/wp\/v2\/posts\/48000"}],"collection":[{"href":"https:\/\/zamanturkmenistan.com.tm\/index.php?rest_route=\/wp\/v2\/posts"}],"about":[{"href":"https:\/\/zamanturkmenistan.com.tm\/index.php?rest_route=\/wp\/v2\/types\/post"}],"author":[{"embeddable":true,"href":"https:\/\/zamanturkmenistan.com.tm\/index.php?rest_route=\/wp\/v2\/users\/2"}],"replies":[{"embeddable":true,"href":"https:\/\/zamanturkmenistan.com.tm\/index.php?rest_route=%2Fwp%2Fv2%2Fcomments&post=48000"}],"version-history":[{"count":0,"href":"https:\/\/zamanturkmenistan.com.tm\/index.php?rest_route=\/wp\/v2\/posts\/48000\/revisions"}],"wp:featuredmedia":[{"embeddable":true,"href":"https:\/\/zamanturkmenistan.com.tm\/index.php?rest_route=\/wp\/v2\/media\/48001"}],"wp:attachment":[{"href":"https:\/\/zamanturkmenistan.com.tm\/index.php?rest_route=%2Fwp%2Fv2%2Fmedia&parent=48000"}],"wp:term":[{"taxonomy":"category","embeddable":true,"href":"https:\/\/zamanturkmenistan.com.tm\/index.php?rest_route=%2Fwp%2Fv2%2Fcategories&post=48000"},{"taxonomy":"post_tag","embeddable":true,"href":"https:\/\/zamanturkmenistan.com.tm\/index.php?rest_route=%2Fwp%2Fv2%2Ftags&post=48000"}],"curies":[{"name":"wp","href":"https:\/\/api.w.org\/{rel}","templated":true}]}}