{"id":48003,"date":"2021-09-14T16:20:33","date_gmt":"2021-09-14T11:20:33","guid":{"rendered":"http:\/\/zamanturkmenistan.com.tm\/?p=48003"},"modified":"2021-09-14T16:20:33","modified_gmt":"2021-09-14T11:20:33","slug":"nemes-teleyaylymynda-cekisme-sols-yene-de-onde-baryar","status":"publish","type":"post","link":"https:\/\/zamanturkmenistan.com.tm\/?p=48003","title":{"rendered":"Nemes tele\u00fda\u00fdlymynda \u00e7eki\u015fme: \u015eols \u00fdene-de \u00f6\u0148de bar\u00fdar"},"content":{"rendered":"<p>Bundestag \u00fc\u00e7in ge\u00e7iriljek sa\u00fdlawlary\u0148 \u00f6\u0148\u00fcsyrasynda, Germani\u00fda ge\u00e7irilen teledebatda \u00fdene-de sosial-demokratlary\u0148 dala\u015fg\u00e4ri \u00fde\u0148i\u015f gazandy. Mali\u00fde ministri Olaf \u015eols gar\u015fyda\u015flary &#8211; dolandyryjy CDU\/CSU bilele\u015figini\u0148 lideri Armin La\u015fetden hem-de \u201c\u00fda\u015fyllary\u0148\u201d lideri Annalena Berbokdan \u00f6\u0148e sa\u00fdlandy.<\/p>\n<p>90 minuda \u00e7eken teledebaty\u0148 b\u00fctin dowamynda b\u00e4sde\u015fler klimat kartasyny\u0148 \u00fcst\u00fcnde durup ge\u00e7ip, da\u015fky gur\u015fawy goramak bo\u00fdun\u00e7a tagallalary saklan\u00fdandyklary \u00fc\u00e7in birek-biregi\u0148 \u00e7etine degdiler. \u015eolsy\u0148 pikiri\u00e7e, CDU\/CSU bilele\u015figini\u0148 bu ugurdaky sy\u00fdasaty di\u0148e i\u015fsizligi\u0148 artmagyna seb\u00e4p bolar.<\/p>\n<p>\u015eols CDU\/CSU bilele\u015figini\u0148 lideri Armin La\u015fete \u00fd\u00fczlenip:<\/p>\n<p>&#8211; Siz bir gepi\u0148izde on\u00e7akly k\u00f6p elektrik energi\u00fdasyna zerurlygy\u0148 \u00fdokdugyny a\u00fdtdy\u0148yz. \u015ee\u00fdle strategi\u00fda di\u0148e pudakda i\u015f \u00fderlerini\u0148 azalmagyna getirer, onso\u0148 bu \u00fdagda\u00fd bilen ylala\u015fyp bolarmy? Dogrusy, men \u00f6z gezegimde, alternatiw energi\u00fdany\u0148 pa\u00fdyny artdyrmagy\u0148 tarapdary, biz e\u00fd\u00fd\u00e4m k\u00f6p sanly teklip hem h\u00f6d\u00fcrledik, \u00fd\u00f6ne parti\u00fda\u0148yz tarapyndan ret edildi \u2013 di\u00fddi.<\/p>\n<p>\u015eol bir wagty\u0148 \u00f6z\u00fcnde, \u201c\u00fda\u015fyl\u201d dala\u015fg\u00e4r Annalena Berbok teledebata gatna\u015fyjylary da\u015fky gur\u015fawy goramak \u00fc\u00e7in geljekd\u00e4ki ma\u00fda go\u00fdumlaryny kesgitlemegi\u0148 deregine owadan geplemekde a\u00fdyplady. Ol \u00f6z gezeginde Germani\u00fdany 2030-njy \u00fdyla \u00e7enli k\u00f6m\u00fcrden doly \u00fd\u00fcz \u00f6w\u00fcrm\u00e4ge \u00e7agyrdy.<\/p>\n<p>-Men demir \u00fdol ulgamyny, \u00fdel beketlerini we G\u00fcn batare\u00fdalaryny gi\u0148eltmek \u00fdaly infrastrukturany \u00f6sd\u00fcrm\u00e4ge \u00fdylda 50 milliard \u00fdewro ma\u00fda go\u00fdmagy teklip ed\u00fd\u00e4rin. Mu\u0148a h\u00e4zirden giri\u015fmeli, \u00fdogsam, so\u0148ra hemme zat gymmatlar we biz t\u00f6lem\u00e4ge ukypsyz bolarys &#8211; Annalena Berbok belledi.<\/p>\n<p>Bu \u015eolsu\u0148 teledebatda gazanan ikinji \u00fde\u0148\u015fi bolup, Angela Merkeli\u0148 bilele\u015figini\u0148 nemesleri\u0148 arasynda me\u015fhurlygyny\u0148 peselendigini tassykla\u00fdar. Armin La\u015feti\u0148 indi emele gelen bu \u00fdagda\u00fdy \u00fde\u0148ip ge\u00e7megi \u00fc\u00e7in az wagty galdy.<\/p>\n","protected":false},"excerpt":{"rendered":"<p>Bundestag \u00fc\u00e7in ge\u00e7iriljek sa\u00fdlawlary\u0148 \u00f6\u0148\u00fcsyrasynda, Germani\u00fda ge\u00e7irilen teledebatda \u00fdene-de sosial-demokratlary\u0148 dala\u015fg\u00e4ri \u00fde\u0148i\u015f gazandy. Mali\u00fde ministri Olaf \u015eols gar\u015fyda\u015flary &#8211; dolandyryjy CDU\/CSU bilele\u015figini\u0148 lideri Armin La\u015fetden hem-de \u201c\u00fda\u015fyllary\u0148\u201d lideri Annalena Berbokdan \u00f6\u0148e sa\u00fdlandy. 90 minuda \u00e7eken teledebaty\u0148 b\u00fctin dowamynda b\u00e4sde\u015fler klimat kartasyny\u0148 \u00fcst\u00fcnde durup ge\u00e7ip, da\u015fky gur\u015fawy goramak bo\u00fdun\u00e7a tagallalary saklan\u00fdandyklary \u00fc\u00e7in birek-biregi\u0148 \u00e7etine degdiler. \u015eolsy\u0148 [&hellip;]<\/p>\n","protected":false},"author":2,"featured_media":48004,"comment_status":"open","ping_status":"closed","sticky":false,"template":"","format":"standard","meta":{"footnotes":""},"categories":[5],"tags":[],"acf":[],"_links":{"self":[{"href":"https:\/\/zamanturkmenistan.com.tm\/index.php?rest_route=\/wp\/v2\/posts\/48003"}],"collection":[{"href":"https:\/\/zamanturkmenistan.com.tm\/index.php?rest_route=\/wp\/v2\/posts"}],"about":[{"href":"https:\/\/zamanturkmenistan.com.tm\/index.php?rest_route=\/wp\/v2\/types\/post"}],"author":[{"embeddable":true,"href":"https:\/\/zamanturkmenistan.com.tm\/index.php?rest_route=\/wp\/v2\/users\/2"}],"replies":[{"embeddable":true,"href":"https:\/\/zamanturkmenistan.com.tm\/index.php?rest_route=%2Fwp%2Fv2%2Fcomments&post=48003"}],"version-history":[{"count":0,"href":"https:\/\/zamanturkmenistan.com.tm\/index.php?rest_route=\/wp\/v2\/posts\/48003\/revisions"}],"wp:featuredmedia":[{"embeddable":true,"href":"https:\/\/zamanturkmenistan.com.tm\/index.php?rest_route=\/wp\/v2\/media\/48004"}],"wp:attachment":[{"href":"https:\/\/zamanturkmenistan.com.tm\/index.php?rest_route=%2Fwp%2Fv2%2Fmedia&parent=48003"}],"wp:term":[{"taxonomy":"category","embeddable":true,"href":"https:\/\/zamanturkmenistan.com.tm\/index.php?rest_route=%2Fwp%2Fv2%2Fcategories&post=48003"},{"taxonomy":"post_tag","embeddable":true,"href":"https:\/\/zamanturkmenistan.com.tm\/index.php?rest_route=%2Fwp%2Fv2%2Ftags&post=48003"}],"curies":[{"name":"wp","href":"https:\/\/api.w.org\/{rel}","templated":true}]}}