{"id":48052,"date":"2021-09-15T12:26:55","date_gmt":"2021-09-15T07:26:55","guid":{"rendered":"http:\/\/zamanturkmenistan.com.tm\/?p=48052"},"modified":"2021-09-15T12:26:55","modified_gmt":"2021-09-15T07:26:55","slug":"germaniya-bilen-ikitaraplayyn-ozara-hereketlerin-meseleleri-maslahatlasyldy","status":"publish","type":"post","link":"https:\/\/zamanturkmenistan.com.tm\/?p=48052","title":{"rendered":"Germani\u00fda bilen ikitarapla\u00fdyn \u00f6zara hereketleri\u0148 meseleleri maslahatla\u015fyldy"},"content":{"rendered":"<p>14-nji sent\u00fdabrda T\u00fcrkmenistany\u0148 Da\u015fary i\u015fler ministri Ra\u015fid Meredowy\u0148 hem-de Germani\u00fda Federatiw Respublikasyny\u0148 Federal Da\u015fary i\u015fler ministri Ha\u00fdko Maas bilen telefon arkaly geple\u015figi ge\u00e7irildi.<\/p>\n<p>Ministr ra\u00fdatlaryny\u0148 Owganystandan gurama\u00e7ylykly \u00e7ykarylmagy maksady bilen, howa g\u00e4milerini\u0148 u\u00e7u\u015flaryny\u0148 \u00fcpj\u00fcn edilmegi meselesinde hyzmatda\u015flyk saklandygy \u00fc\u00e7in german h\u00f6k\u00fcmetini\u0148 adyndan T\u00fcrkmistana \u00e7u\u0148\u0148ur minnetdarlygyny bildirdi. \u015eunlukda, T\u00fcrkmenistan tarapyndan \u00f6z howa gi\u0148i\u015fligini\u0148 ulanylmagy \u00fc\u00e7in rugsatnamany\u0148 dessin berilmegini\u0148, adamlary\u0148 gurama\u00e7ylykly \u00e7ykarylmagyny\u0148 netijeliligini\u0148 kesgitle\u00fdji \u015ferti bolandygy a\u00fdratyn bellenilip ge\u00e7ildi.<\/p>\n<p>S\u00f6hbetde\u015fligi\u0148 bar\u015fynda da\u015fary sy\u00fdasat edaralaryny\u0148 \u00fdolba\u015f\u00e7ylary sy\u00fdasy-diplomatik, s\u00f6wda-ykdysady we ynsanperwerlik ulgamlarynda alnyp baryl\u00fdan ikitarapla\u00fdyn \u00f6zara hereketler bilen bagly pikirleri aly\u015fdylar.<\/p>\n<p>Hususan-da, T\u00fcrkmenistany\u0148 we Germani\u00fdany\u0148 \u00ab\u00dda\u015fyl Merkezi Azi\u00fda\u00bb ba\u015flangyjyny\u0148 \u00e7\u00e4klerind\u00e4ki netijeli \u00f6zara hereketlerini\u0148, \u015fol sanda iki \u00fdurdu\u0148 h\u00f6k\u00fcmetlerini\u0148 arasynda bilim ulgamyndaky hyzmatda\u015flygy\u0148 hem derwa\u00fdys \u00e4hmi\u00fdeti bellenilip ge\u00e7ildi.<\/p>\n<p>Taraplar \u015fe\u00fdle-de halkara we sebit g\u00fcn tertibine degi\u015fli m\u00f6h\u00fcm meselelere hem seredip ge\u00e7diler. \u015eu nukda\u00fdnazardan, owgan ugry bo\u00fdun\u00e7a i\u015fje\u0148 dialogy\u0148 dowam edilmegi babatynda \u00f6zara ta\u00fd\u00fdarlyklar m\u00e4lim edildi.<\/p>\n<p>Ministrler T\u00fcrkmenistany\u0148 we Germani\u00fdany\u0148 da\u015fary sy\u00fdasat edaralaryny\u0148 arasynda diplomatiki wekilhanalaryny\u0148 hem gatna\u015fmagynda yzygiderli ge\u0148e\u015fmeleri\u0148 ulgamla\u00fdyn esasda dowam edilmegi babatynda ylala\u015fdylar.<\/p>\n","protected":false},"excerpt":{"rendered":"<p>14-nji sent\u00fdabrda T\u00fcrkmenistany\u0148 Da\u015fary i\u015fler ministri Ra\u015fid Meredowy\u0148 hem-de Germani\u00fda Federatiw Respublikasyny\u0148 Federal Da\u015fary i\u015fler ministri Ha\u00fdko Maas bilen telefon arkaly geple\u015figi ge\u00e7irildi. Ministr ra\u00fdatlaryny\u0148 Owganystandan gurama\u00e7ylykly \u00e7ykarylmagy maksady bilen, howa g\u00e4milerini\u0148 u\u00e7u\u015flaryny\u0148 \u00fcpj\u00fcn edilmegi meselesinde hyzmatda\u015flyk saklandygy \u00fc\u00e7in german h\u00f6k\u00fcmetini\u0148 adyndan T\u00fcrkmistana \u00e7u\u0148\u0148ur minnetdarlygyny bildirdi. \u015eunlukda, T\u00fcrkmenistan tarapyndan \u00f6z howa gi\u0148i\u015fligini\u0148 ulanylmagy \u00fc\u00e7in rugsatnamany\u0148 [&hellip;]<\/p>\n","protected":false},"author":2,"featured_media":34712,"comment_status":"open","ping_status":"closed","sticky":false,"template":"","format":"standard","meta":{"footnotes":""},"categories":[3],"tags":[1866,1867],"acf":[],"_links":{"self":[{"href":"https:\/\/zamanturkmenistan.com.tm\/index.php?rest_route=\/wp\/v2\/posts\/48052"}],"collection":[{"href":"https:\/\/zamanturkmenistan.com.tm\/index.php?rest_route=\/wp\/v2\/posts"}],"about":[{"href":"https:\/\/zamanturkmenistan.com.tm\/index.php?rest_route=\/wp\/v2\/types\/post"}],"author":[{"embeddable":true,"href":"https:\/\/zamanturkmenistan.com.tm\/index.php?rest_route=\/wp\/v2\/users\/2"}],"replies":[{"embeddable":true,"href":"https:\/\/zamanturkmenistan.com.tm\/index.php?rest_route=%2Fwp%2Fv2%2Fcomments&post=48052"}],"version-history":[{"count":0,"href":"https:\/\/zamanturkmenistan.com.tm\/index.php?rest_route=\/wp\/v2\/posts\/48052\/revisions"}],"wp:featuredmedia":[{"embeddable":true,"href":"https:\/\/zamanturkmenistan.com.tm\/index.php?rest_route=\/wp\/v2\/media\/34712"}],"wp:attachment":[{"href":"https:\/\/zamanturkmenistan.com.tm\/index.php?rest_route=%2Fwp%2Fv2%2Fmedia&parent=48052"}],"wp:term":[{"taxonomy":"category","embeddable":true,"href":"https:\/\/zamanturkmenistan.com.tm\/index.php?rest_route=%2Fwp%2Fv2%2Fcategories&post=48052"},{"taxonomy":"post_tag","embeddable":true,"href":"https:\/\/zamanturkmenistan.com.tm\/index.php?rest_route=%2Fwp%2Fv2%2Ftags&post=48052"}],"curies":[{"name":"wp","href":"https:\/\/api.w.org\/{rel}","templated":true}]}}