{"id":48082,"date":"2021-09-15T20:15:48","date_gmt":"2021-09-15T15:15:48","guid":{"rendered":"http:\/\/zamanturkmenistan.com.tm\/?p=48082"},"modified":"2021-09-16T11:59:03","modified_gmt":"2021-09-16T06:59:03","slug":"time-2021-nji-yylyn-in-tasirli-yuz-adamy","status":"publish","type":"post","link":"https:\/\/zamanturkmenistan.com.tm\/?p=48082","title":{"rendered":"\u201cTime\u201d: 2021-nji \u00fdyly\u0148 i\u0148 t\u00e4sirli \u00fd\u00fcz adamy"},"content":{"rendered":"<p>Amerikany\u0148 \u201cTime\u201d \u017eurnaly 2021-nji \u00fdylda d\u00fcn\u00fd\u00e4ni\u0148 i\u0148 t\u00e4sirli adamsyny\u0148 100-sini\u0148 sanawyny \u00e7ap etdi. \u017durnal 100 abra\u00fdly adamy &#8220;titanlar&#8221;, &#8220;t\u00e4zelik\u00e7iler&#8221;, &#8220;a\u00fddym\u00e7ylar&#8221;, &#8220;Liderler&#8221;, &#8220;o\u00fdlap tapyjylar&#8221; we &#8220;senemler&#8221; kategori\u00fdalaryna b\u00f6ldi.<\/p>\n<p>Bu \u00fdyl \u201cliderleri\u0148\u201d arasynda BSG-ni\u0148 ba\u015flygy Ngozi Okonjo-Iweala, E\u00fdrany\u0148 Prezidenti Ebrahim Raisi, Itali\u00fdany\u0148 we Ysra\u00fdyly\u0148 Prem\u00fder-ministrleri Mario Dragi we Naftali Bennet, AB\u015e-ny\u0148 kesellere g\u00f6zeg\u00e7ilik we \u00f6\u0148\u00fcni aly\u015f merkezlerini\u0148 ba\u015flygy Ro\u015fel Walenski\u00fd, Salwadory\u0148 Prezidenti Na\u00fd\u00fdib Bukele we Owganystan h\u00f6k\u00fcmetini\u0148 \u00a0Prem\u00fder-ministrini\u0148 wezipesini \u00fderine \u00fdetiriji molla Abdul Gani Baradar bar. Bu kategori\u00fdany\u0148 sanawynda yzly-yzyna ikinji \u00fdyl Hyta\u00fd Halk Respublikasyny\u0148 Ba\u015flygy Si Szinpin, AB\u015e-ny\u0148 Prezidenti Jozef Ba\u00fdden, AB\u015e-ny\u0148 \u00f6\u0148ki Prezidenti Donald Tramp, Hindistany\u0148 Prem\u00fder-ministri Narendra Modi, AB\u015e-ny\u0148 wise-prezidenti Kamala Harris orun aldylar.<\/p>\n<p>\u201cTime\u201d \u017eurnaly &#8220;Apple&#8221;-i\u0148 ba\u015f direktory Tim Kuky, \u00e7eper gimnastika bo\u00fdun\u00e7a d\u00f6rt gezek Olimpi\u00fda \u00e7empiony amerikaly Simony Ba\u00fdlzy, AB\u015e-ly i\u0148 me\u015fhur atlet Allison Feliksi we be\u00fdlekileri \u201ctitan\u201d \u00fdagny \u201cme\u015fhur adamlar\u201d di\u00fdip atlandyrdy.<\/p>\n","protected":false},"excerpt":{"rendered":"<p>Amerikany\u0148 \u201cTime\u201d \u017eurnaly 2021-nji \u00fdylda d\u00fcn\u00fd\u00e4ni\u0148 i\u0148 t\u00e4sirli adamsyny\u0148 100-sini\u0148 sanawyny \u00e7ap etdi. \u017durnal 100 abra\u00fdly adamy &#8220;titanlar&#8221;, &#8220;t\u00e4zelik\u00e7iler&#8221;, &#8220;a\u00fddym\u00e7ylar&#8221;, &#8220;Liderler&#8221;, &#8220;o\u00fdlap tapyjylar&#8221; we &#8220;senemler&#8221; kategori\u00fdalaryna b\u00f6ldi. Bu \u00fdyl \u201cliderleri\u0148\u201d arasynda BSG-ni\u0148 ba\u015flygy Ngozi Okonjo-Iweala, E\u00fdrany\u0148 Prezidenti Ebrahim Raisi, Itali\u00fdany\u0148 we Ysra\u00fdyly\u0148 Prem\u00fder-ministrleri Mario Dragi we Naftali Bennet, AB\u015e-ny\u0148 kesellere g\u00f6zeg\u00e7ilik we \u00f6\u0148\u00fcni aly\u015f merkezlerini\u0148 [&hellip;]<\/p>\n","protected":false},"author":2,"featured_media":48103,"comment_status":"open","ping_status":"closed","sticky":false,"template":"","format":"standard","meta":{"footnotes":""},"categories":[5],"tags":[],"acf":[],"_links":{"self":[{"href":"https:\/\/zamanturkmenistan.com.tm\/index.php?rest_route=\/wp\/v2\/posts\/48082"}],"collection":[{"href":"https:\/\/zamanturkmenistan.com.tm\/index.php?rest_route=\/wp\/v2\/posts"}],"about":[{"href":"https:\/\/zamanturkmenistan.com.tm\/index.php?rest_route=\/wp\/v2\/types\/post"}],"author":[{"embeddable":true,"href":"https:\/\/zamanturkmenistan.com.tm\/index.php?rest_route=\/wp\/v2\/users\/2"}],"replies":[{"embeddable":true,"href":"https:\/\/zamanturkmenistan.com.tm\/index.php?rest_route=%2Fwp%2Fv2%2Fcomments&post=48082"}],"version-history":[{"count":0,"href":"https:\/\/zamanturkmenistan.com.tm\/index.php?rest_route=\/wp\/v2\/posts\/48082\/revisions"}],"wp:featuredmedia":[{"embeddable":true,"href":"https:\/\/zamanturkmenistan.com.tm\/index.php?rest_route=\/wp\/v2\/media\/48103"}],"wp:attachment":[{"href":"https:\/\/zamanturkmenistan.com.tm\/index.php?rest_route=%2Fwp%2Fv2%2Fmedia&parent=48082"}],"wp:term":[{"taxonomy":"category","embeddable":true,"href":"https:\/\/zamanturkmenistan.com.tm\/index.php?rest_route=%2Fwp%2Fv2%2Fcategories&post=48082"},{"taxonomy":"post_tag","embeddable":true,"href":"https:\/\/zamanturkmenistan.com.tm\/index.php?rest_route=%2Fwp%2Fv2%2Ftags&post=48082"}],"curies":[{"name":"wp","href":"https:\/\/api.w.org\/{rel}","templated":true}]}}