{"id":48256,"date":"2021-09-17T15:07:55","date_gmt":"2021-09-17T10:07:55","guid":{"rendered":"http:\/\/zamanturkmenistan.com.tm\/?p=48256"},"modified":"2021-09-17T15:07:55","modified_gmt":"2021-09-17T10:07:55","slug":"garassyzlyga-bagyslanyp-sergi-geciriler","status":"publish","type":"post","link":"https:\/\/zamanturkmenistan.com.tm\/?p=48256","title":{"rendered":"Gara\u015fsyzlyga bagy\u015flanyp sergi ge\u00e7iriler"},"content":{"rendered":"<p>16-njy sent\u00fdabrda hormatly Prezidentimiz sanly ulgam arkaly Ministrler Kabinetini\u0148 nobatdaky mejlisini ge\u00e7irdi, onu\u0148 dowamynda d\u00f6wlet durmu\u015fyny\u0148 m\u00f6h\u00fcm meseleleri ara alnyp maslahatla\u015fyldy.<\/p>\n<p>Sanly ulgam arkaly ge\u00e7iril\u00fd\u00e4n mejlisde Ministrler Kabinetini\u0148 Ba\u015flygyny\u0148 orunbasary \u00c7.Gylyjow T\u00fcrkmenistany\u0148 mukaddes Gara\u015fsyzlygyny\u0148 \u015fanly 30 \u00fdyllygy mynasybetli guraljak gi\u0148 m\u00f6\u00e7berli sergini\u0148 ge\u00e7irilmegine g\u00f6r\u00fcl\u00fd\u00e4n ta\u00fd\u00fdarlyk i\u015fleri barada hasabat berdi.<\/p>\n<p>Maksatnama la\u00fdyklykda, S\u00f6wda-senagat edarasyny\u0148 sergiler merkezinde ge\u00e7iriljek sergide milli ykdysady\u00fdetimizi\u0148 \u00e4hli pudaklarynda gazanyl\u00fdan \u00fcst\u00fcnlikler, \u00fdurdumyzy\u0148 d\u00f6wlet we hususy pudagynda \u00f6nd\u00fcril\u00fd\u00e4n we i\u00e7erki bazarda bol\u015fy \u00fdaly, da\u015farky bazarlarda uly isleg bildiril\u00fd\u00e4n \u00f6n\u00fcmler g\u00f6rkeziler.<\/p>\n<p>Forumy\u0148 \u00e7\u00e4klerinde t\u00e4ze \u00f6n\u00fcmleri, ma\u00fda go\u00fdum taslamalaryny, ykdysady\u00fdeti\u0148 d\u00fcrli pudaklaryny\u0148 iri k\u00e4rhanalaryny\u0148 \u00f6s\u00fc\u015f maksatnamalaryny\u0148 geljekki ugurlaryny hem-de Senagat\u00e7ylar we teleke\u00e7iler birle\u015fmesini\u0148 \u00f6n\u00fcmlerini tany\u015fdyrmak bo\u00fdun\u00e7a mahabat \u00e7\u00e4releri me\u00fdille\u015fdirildi.<\/p>\n<p>Hormatly Prezidentimiz hasabaty di\u0148l\u00e4p, \u00fdurdumyzy\u0148 halk hojalygyny\u0148 \u00e4hli pudaklarynda d\u00fc\u00fdpli \u00f6zgertmeleri\u0148 ge\u00e7irilendigini, \u00e4girt uly i\u015fleri\u0148 amala a\u015fyrylandygyny we uly \u00fcst\u00fcnlikleri\u0148 gazanylandygyny belledi.<\/p>\n","protected":false},"excerpt":{"rendered":"<p>16-njy sent\u00fdabrda hormatly Prezidentimiz sanly ulgam arkaly Ministrler Kabinetini\u0148 nobatdaky mejlisini ge\u00e7irdi, onu\u0148 dowamynda d\u00f6wlet durmu\u015fyny\u0148 m\u00f6h\u00fcm meseleleri ara alnyp maslahatla\u015fyldy. Sanly ulgam arkaly ge\u00e7iril\u00fd\u00e4n mejlisde Ministrler Kabinetini\u0148 Ba\u015flygyny\u0148 orunbasary \u00c7.Gylyjow T\u00fcrkmenistany\u0148 mukaddes Gara\u015fsyzlygyny\u0148 \u015fanly 30 \u00fdyllygy mynasybetli guraljak gi\u0148 m\u00f6\u00e7berli sergini\u0148 ge\u00e7irilmegine g\u00f6r\u00fcl\u00fd\u00e4n ta\u00fd\u00fdarlyk i\u015fleri barada hasabat berdi. Maksatnama la\u00fdyklykda, S\u00f6wda-senagat edarasyny\u0148 sergiler merkezinde [&hellip;]<\/p>\n","protected":false},"author":2,"featured_media":48257,"comment_status":"open","ping_status":"closed","sticky":false,"template":"","format":"standard","meta":{"footnotes":""},"categories":[3],"tags":[1898,1899],"acf":[],"_links":{"self":[{"href":"https:\/\/zamanturkmenistan.com.tm\/index.php?rest_route=\/wp\/v2\/posts\/48256"}],"collection":[{"href":"https:\/\/zamanturkmenistan.com.tm\/index.php?rest_route=\/wp\/v2\/posts"}],"about":[{"href":"https:\/\/zamanturkmenistan.com.tm\/index.php?rest_route=\/wp\/v2\/types\/post"}],"author":[{"embeddable":true,"href":"https:\/\/zamanturkmenistan.com.tm\/index.php?rest_route=\/wp\/v2\/users\/2"}],"replies":[{"embeddable":true,"href":"https:\/\/zamanturkmenistan.com.tm\/index.php?rest_route=%2Fwp%2Fv2%2Fcomments&post=48256"}],"version-history":[{"count":0,"href":"https:\/\/zamanturkmenistan.com.tm\/index.php?rest_route=\/wp\/v2\/posts\/48256\/revisions"}],"wp:featuredmedia":[{"embeddable":true,"href":"https:\/\/zamanturkmenistan.com.tm\/index.php?rest_route=\/wp\/v2\/media\/48257"}],"wp:attachment":[{"href":"https:\/\/zamanturkmenistan.com.tm\/index.php?rest_route=%2Fwp%2Fv2%2Fmedia&parent=48256"}],"wp:term":[{"taxonomy":"category","embeddable":true,"href":"https:\/\/zamanturkmenistan.com.tm\/index.php?rest_route=%2Fwp%2Fv2%2Fcategories&post=48256"},{"taxonomy":"post_tag","embeddable":true,"href":"https:\/\/zamanturkmenistan.com.tm\/index.php?rest_route=%2Fwp%2Fv2%2Ftags&post=48256"}],"curies":[{"name":"wp","href":"https:\/\/api.w.org\/{rel}","templated":true}]}}