{"id":48412,"date":"2021-09-21T17:58:57","date_gmt":"2021-09-21T12:58:57","guid":{"rendered":"http:\/\/zamanturkmenistan.com.tm\/?p=48412"},"modified":"2021-09-21T17:58:57","modified_gmt":"2021-09-21T12:58:57","slug":"tiktok-a-tomasa-etmek-caklendirildi","status":"publish","type":"post","link":"https:\/\/zamanturkmenistan.com.tm\/?p=48412","title":{"rendered":"\u201cTikTok\u201d-a toma\u015fa etmek \u00e7\u00e4klendirildi"},"content":{"rendered":"<p>Hyta\u00fdda \u201cTikTok\u201d programmasyny\u0148 hyta\u00fd nusgasyna (\u201cDouyin\u201d) girmek 14 \u00fda\u015fdan ki\u00e7i \u00e7agalar \u00fc\u00e7in \u00e7\u00e4klendirildi. Indi \u00e7agalar programmany hakyky ady bilen ulanmaly bolarlar. 14 \u00fda\u015fyna \u00fdetmedik \u00e7agalar g\u00fcn\u00fc\u0148 dowamynda bu programmany 40 minutdan k\u00f6p  ulanyp bilmezler. \u015ee\u00fdle hem programma ag\u015fam 10-dan irden 6-a \u00e7enli i\u015flemez.<br \/>\nAwgust a\u00fdynda \u00fdurtda k\u00e4millik \u00fda\u015fyna \u00fdetmedikleri\u0148 wideoo\u00fdunlaryna sarp edip biljek wagty \u00e7\u00e4klendirilipdi. Indi olara hepd\u00e4ni\u0148 anna, \u015fenbe, \u00fdek\u015fenbe we dyn\u00e7 aly\u015f g\u00fcnleri di\u0148e 20:00-dan 21:00-a \u00e7enli o\u00fdnamaga rugsat beril\u00fd\u00e4r. O\u00fdun platformalary hasaba alnanda hakyky ulanyjy atlaryny we j\u00fcbi telefon belgileri barlanyl\u00fdar.<br \/>\nBilermenler ekrany\u0148 \u00f6\u0148\u00fcnde gereginden k\u00f6p wagt ge\u00e7irmegi\u0148 \u00e7agalary\u0148 fiziki we ruhy \u00f6s\u00fc\u015fine o\u0148a\u00fdsyz t\u00e4sir edip biljekdigini belle\u00fd\u00e4rler. <\/p>\n","protected":false},"excerpt":{"rendered":"<p>Hyta\u00fdda \u201cTikTok\u201d programmasyny\u0148 hyta\u00fd nusgasyna (\u201cDouyin\u201d) girmek 14 \u00fda\u015fdan ki\u00e7i \u00e7agalar \u00fc\u00e7in \u00e7\u00e4klendirildi. Indi \u00e7agalar programmany hakyky ady bilen ulanmaly bolarlar. 14 \u00fda\u015fyna \u00fdetmedik \u00e7agalar g\u00fcn\u00fc\u0148 dowamynda bu programmany 40 minutdan k\u00f6p ulanyp bilmezler. \u015ee\u00fdle hem programma ag\u015fam 10-dan irden 6-a \u00e7enli i\u015flemez. Awgust a\u00fdynda \u00fdurtda k\u00e4millik \u00fda\u015fyna \u00fdetmedikleri\u0148 wideoo\u00fdunlaryna sarp edip biljek wagty \u00e7\u00e4klendirilipdi. [&hellip;]<\/p>\n","protected":false},"author":1,"featured_media":48413,"comment_status":"open","ping_status":"closed","sticky":false,"template":"","format":"standard","meta":{"footnotes":""},"categories":[5,8],"tags":[1298],"acf":[],"_links":{"self":[{"href":"https:\/\/zamanturkmenistan.com.tm\/index.php?rest_route=\/wp\/v2\/posts\/48412"}],"collection":[{"href":"https:\/\/zamanturkmenistan.com.tm\/index.php?rest_route=\/wp\/v2\/posts"}],"about":[{"href":"https:\/\/zamanturkmenistan.com.tm\/index.php?rest_route=\/wp\/v2\/types\/post"}],"author":[{"embeddable":true,"href":"https:\/\/zamanturkmenistan.com.tm\/index.php?rest_route=\/wp\/v2\/users\/1"}],"replies":[{"embeddable":true,"href":"https:\/\/zamanturkmenistan.com.tm\/index.php?rest_route=%2Fwp%2Fv2%2Fcomments&post=48412"}],"version-history":[{"count":0,"href":"https:\/\/zamanturkmenistan.com.tm\/index.php?rest_route=\/wp\/v2\/posts\/48412\/revisions"}],"wp:featuredmedia":[{"embeddable":true,"href":"https:\/\/zamanturkmenistan.com.tm\/index.php?rest_route=\/wp\/v2\/media\/48413"}],"wp:attachment":[{"href":"https:\/\/zamanturkmenistan.com.tm\/index.php?rest_route=%2Fwp%2Fv2%2Fmedia&parent=48412"}],"wp:term":[{"taxonomy":"category","embeddable":true,"href":"https:\/\/zamanturkmenistan.com.tm\/index.php?rest_route=%2Fwp%2Fv2%2Fcategories&post=48412"},{"taxonomy":"post_tag","embeddable":true,"href":"https:\/\/zamanturkmenistan.com.tm\/index.php?rest_route=%2Fwp%2Fv2%2Ftags&post=48412"}],"curies":[{"name":"wp","href":"https:\/\/api.w.org\/{rel}","templated":true}]}}