{"id":48525,"date":"2021-09-23T16:10:43","date_gmt":"2021-09-23T11:10:43","guid":{"rendered":"http:\/\/zamanturkmenistan.com.tm\/?p=48525"},"modified":"2021-09-23T16:10:43","modified_gmt":"2021-09-23T11:10:43","slug":"um-arkaly-geplesmegin-halkara-guni","status":"publish","type":"post","link":"https:\/\/zamanturkmenistan.com.tm\/um-arkaly-geplesmegin-halkara-guni\/","title":{"rendered":"\u00dcm arkaly geple\u015fmegi\u0148 halkara g\u00fcni"},"content":{"rendered":"<p>Her \u00fdyly\u0148 23-nji sent\u00fdabrynda \u201c\u00dcm arkaly geple\u015fmegi\u0148 halkara g\u00fcni\u201d h\u00f6km\u00fcnde bellenil\u00fd\u00e4r. Bu sene \u00f6z g\u00f6zba\u015fyny 2017-nji \u00fdyly\u0148 dekabr a\u00fdynda ge\u00e7irilen Birle\u015fen Milletler Guramasyny\u0148 Ba\u015f Assamble\u00fdasyny\u0148 B\u00fctind\u00fcn\u00fd\u00e4 kerler federasi\u00fdasyny\u0148 (World Federation of the Deaf, WFD), Halkara \u00fcm arkaly geple\u015fmegi\u0148 dili (International Day of Sign Languages) baradaky kabul eden kararyndan alyp ga\u00fdd\u00fdar. \u015eondan so\u0148ra her \u00fdyl \u00dder \u00fd\u00fcz\u00fcnde\u00a0 bellenilip ge\u00e7il\u00fd\u00e4r.<\/p>\n<p>Bu g\u00fcn\u00fc\u0148 bellenilmegini\u0148 maksady bolsa d\u00fcn\u00fd\u00e4d\u00e4ki e\u015fitm\u00e4ge ukyby bolmadyk millionlar\u00e7a adamy\u0148 durmu\u015fynda \u00f6r\u00e4n uly \u00e4hmi\u00fdetini\u0148 bardygyny g\u00f6rkez\u00fd\u00e4r.<\/p>\n<p>\u00dcm arkaly geple\u015fmegi\u0148 halkara g\u00fcn\u00fcni\u0148 senesi 1951-nji \u00fdyly\u0148 23-nji sent\u00fdabrda B\u00fctind\u00fcn\u00fd\u00e4 kerler federasi\u00fdasyny\u0148 d\u00f6redilen g\u00fcni bilen baglany\u015fyklydyr. Bu guramany\u0148 bellemegine g\u00f6r\u00e4, d\u00fcn\u00fd\u00e4de e\u015fitm\u00e4ge ukyby bolmadyk 72 milliondan gowrak adam bar, olar \u00fc\u00e7in da\u015f-t\u00f6weregind\u00e4kiler bilen aragatna\u015fyk saklamagy\u0148 esasy g\u00f6rn\u00fc\u015fi \u00fcm hereketi bilen g\u00fcrle\u015fmegi\u0148 dilidir. Birle\u015fen Milletler Guramasy bu sen\u00e4ni yglan etmek bilen, e\u015fidi\u015f kem\u00e7iligi bolan adamlary\u0148 hukuklaryny we azatlyklaryny durmu\u015fa ge\u00e7irmekde \u00fcm hereketi dillerini\u0148 \u00f6r\u00e4n m\u00f6h\u00fcmligine \u00fcns \u00e7ek\u00fd\u00e4r. D\u00fcn\u00fd\u00e4ni\u0148 d\u00fcrli \u015f\u00e4herlerinde her \u00fdyl sent\u00fdabr a\u00fdynda B\u00fctind\u00fcn\u00fd\u00e4 kerler hepdeligini\u0148 we Halkara \u00fcm hereketi dili\u00a0 g\u00fcn\u00fcni\u0148 d\u00f6redilmegine bagy\u015flanyp \u00e7\u00e4reler ge\u00e7iril\u00fd\u00e4r.<\/p>\n<p><strong>\u00a0<\/strong><\/p>\n<p style=\"text-align: right;\"><strong>Gun\u00e7a <\/strong><strong>HAMEDOWA<\/strong><strong>, <\/strong><\/p>\n<p style=\"text-align: right;\"><strong>T\u00fcrkmenistany\u0148 DIM-ni\u0148<\/strong><\/p>\n<p style=\"text-align: right;\"><strong>Halkara gatna\u015fyklary institutyny\u0148 talyby.<\/strong><\/p>\n","protected":false},"excerpt":{"rendered":"<p>Her \u00fdyly\u0148 23-nji sent\u00fdabrynda \u201c\u00dcm arkaly geple\u015fmegi\u0148 halkara g\u00fcni\u201d h\u00f6km\u00fcnde bellenil\u00fd\u00e4r. Bu sene \u00f6z g\u00f6zba\u015fyny 2017-nji \u00fdyly\u0148 dekabr a\u00fdynda ge\u00e7irilen Birle\u015fen Milletler Guramasyny\u0148 Ba\u015f Assamble\u00fdasyny\u0148 B\u00fctind\u00fcn\u00fd\u00e4 kerler federasi\u00fdasyny\u0148 (World Federation of the Deaf, WFD), Halkara \u00fcm arkaly geple\u015fmegi\u0148 dili (International Day of Sign Languages) baradaky kabul eden kararyndan alyp ga\u00fdd\u00fdar. \u015eondan so\u0148ra her \u00fdyl \u00dder [&hellip;]<\/p>\n","protected":false},"author":2,"featured_media":48526,"comment_status":"open","ping_status":"closed","sticky":false,"template":"","format":"standard","meta":{"footnotes":""},"categories":[5],"tags":[1971,1972],"class_list":["post-48525","post","type-post","status-publish","format-standard","has-post-thumbnail","hentry","category-2dunya","tag-butindunya-kerler-federasiyasy","tag-international-day-of-sign-languages"],"_links":{"self":[{"href":"https:\/\/zamanturkmenistan.com.tm\/wp-json\/wp\/v2\/posts\/48525","targetHints":{"allow":["GET"]}}],"collection":[{"href":"https:\/\/zamanturkmenistan.com.tm\/wp-json\/wp\/v2\/posts"}],"about":[{"href":"https:\/\/zamanturkmenistan.com.tm\/wp-json\/wp\/v2\/types\/post"}],"author":[{"embeddable":true,"href":"https:\/\/zamanturkmenistan.com.tm\/wp-json\/wp\/v2\/users\/2"}],"replies":[{"embeddable":true,"href":"https:\/\/zamanturkmenistan.com.tm\/wp-json\/wp\/v2\/comments?post=48525"}],"version-history":[{"count":0,"href":"https:\/\/zamanturkmenistan.com.tm\/wp-json\/wp\/v2\/posts\/48525\/revisions"}],"wp:featuredmedia":[{"embeddable":true,"href":"https:\/\/zamanturkmenistan.com.tm\/wp-json\/wp\/v2\/media\/48526"}],"wp:attachment":[{"href":"https:\/\/zamanturkmenistan.com.tm\/wp-json\/wp\/v2\/media?parent=48525"}],"wp:term":[{"taxonomy":"category","embeddable":true,"href":"https:\/\/zamanturkmenistan.com.tm\/wp-json\/wp\/v2\/categories?post=48525"},{"taxonomy":"post_tag","embeddable":true,"href":"https:\/\/zamanturkmenistan.com.tm\/wp-json\/wp\/v2\/tags?post=48525"}],"curies":[{"name":"wp","href":"https:\/\/api.w.org\/{rel}","templated":true}]}}