{"id":48638,"date":"2021-09-25T14:28:38","date_gmt":"2021-09-25T09:28:38","guid":{"rendered":"http:\/\/zamanturkmenistan.com.tm\/?p=48638"},"modified":"2021-09-25T14:28:38","modified_gmt":"2021-09-25T09:28:38","slug":"50-yylyn-in-yokary-osusine-garasylyar","status":"publish","type":"post","link":"https:\/\/zamanturkmenistan.com.tm\/?p=48638","title":{"rendered":"50 \u00fdyly\u0148 i\u0148 \u00fdokary \u00f6s\u00fc\u015fine gara\u015fyl\u00fdar"},"content":{"rendered":"<p>D\u00fcn\u00fd\u00e4 ykdysady\u00fdeti 2021-nji \u00fdylda koronowirus pandemi\u00fdasyndan so\u0148, 5,3% \u00f6ser, bu bolsa so\u0148ky 50 \u00fdylda i\u0148 \u00fdokary \u00f6s\u00fc\u015f bolar. Bu barada BMG-ni\u0148 S\u00f6wda we \u00f6s\u00fc\u015f konferensi\u00fdasy (UNCTAD) m\u00e4lim ed\u00fd\u00e4r. Guramany\u0148 habaryna g\u00f6r\u00e4, \u015fu \u00fdyl sy\u00fdasy \u00e7\u00e4releri\u0148 o\u0148yn t\u00e4siri we \u00f6sen \u00fdurtlarda ilaty\u0148 COVID-19-a gar\u015fy sanjymy\u0148 \u00fcst\u00fcnlikli ge\u00e7irilmegi netijesinde, d\u00fcn\u00fd\u00e4 ykdysady\u00fdeti kadala\u015f\u00fdar. Hasabatda bellenip ge\u00e7ili\u015fi \u00fdaly, koronawirus pandemi\u00fdasy seb\u00e4pli \u00fd\u00fcze \u00e7ykan \u00e7\u00f6kg\u00fcnligi\u0148 zy\u00fdany 2008-2009-njy \u00fdyllardaky global mali\u00fde \u00e7\u00f6kg\u00fcnliginden has k\u00f6p boldy. Afrika we G\u00fcnorta Azi\u00fda \u00fdurtlaryna i\u0148 agyr zarba uruldy. H\u00fcn\u00e4rmenleri\u0148 pikiri\u00e7e, amatly da\u015farky \u00fdagda\u00fdlar bilen d\u00fcn\u00fd\u00e4 \u00f6n\u00fcm\u00e7iligi di\u0148e 2030-njy \u00fdyla \u00e7enli 2016-2019-njy \u00fdyllardaky derejesine \u00fdeter.<\/p>\n","protected":false},"excerpt":{"rendered":"<p>D\u00fcn\u00fd\u00e4 ykdysady\u00fdeti 2021-nji \u00fdylda koronowirus pandemi\u00fdasyndan so\u0148, 5,3% \u00f6ser, bu bolsa so\u0148ky 50 \u00fdylda i\u0148 \u00fdokary \u00f6s\u00fc\u015f bolar. Bu barada BMG-ni\u0148 S\u00f6wda we \u00f6s\u00fc\u015f konferensi\u00fdasy (UNCTAD) m\u00e4lim ed\u00fd\u00e4r. Guramany\u0148 habaryna g\u00f6r\u00e4, \u015fu \u00fdyl sy\u00fdasy \u00e7\u00e4releri\u0148 o\u0148yn t\u00e4siri we \u00f6sen \u00fdurtlarda ilaty\u0148 COVID-19-a gar\u015fy sanjymy\u0148 \u00fcst\u00fcnlikli ge\u00e7irilmegi netijesinde, d\u00fcn\u00fd\u00e4 ykdysady\u00fdeti kadala\u015f\u00fdar. Hasabatda bellenip ge\u00e7ili\u015fi \u00fdaly, koronawirus [&hellip;]<\/p>\n","protected":false},"author":2,"featured_media":48639,"comment_status":"open","ping_status":"closed","sticky":false,"template":"","format":"standard","meta":{"footnotes":""},"categories":[5],"tags":[],"acf":[],"_links":{"self":[{"href":"https:\/\/zamanturkmenistan.com.tm\/index.php?rest_route=\/wp\/v2\/posts\/48638"}],"collection":[{"href":"https:\/\/zamanturkmenistan.com.tm\/index.php?rest_route=\/wp\/v2\/posts"}],"about":[{"href":"https:\/\/zamanturkmenistan.com.tm\/index.php?rest_route=\/wp\/v2\/types\/post"}],"author":[{"embeddable":true,"href":"https:\/\/zamanturkmenistan.com.tm\/index.php?rest_route=\/wp\/v2\/users\/2"}],"replies":[{"embeddable":true,"href":"https:\/\/zamanturkmenistan.com.tm\/index.php?rest_route=%2Fwp%2Fv2%2Fcomments&post=48638"}],"version-history":[{"count":0,"href":"https:\/\/zamanturkmenistan.com.tm\/index.php?rest_route=\/wp\/v2\/posts\/48638\/revisions"}],"wp:featuredmedia":[{"embeddable":true,"href":"https:\/\/zamanturkmenistan.com.tm\/index.php?rest_route=\/wp\/v2\/media\/48639"}],"wp:attachment":[{"href":"https:\/\/zamanturkmenistan.com.tm\/index.php?rest_route=%2Fwp%2Fv2%2Fmedia&parent=48638"}],"wp:term":[{"taxonomy":"category","embeddable":true,"href":"https:\/\/zamanturkmenistan.com.tm\/index.php?rest_route=%2Fwp%2Fv2%2Fcategories&post=48638"},{"taxonomy":"post_tag","embeddable":true,"href":"https:\/\/zamanturkmenistan.com.tm\/index.php?rest_route=%2Fwp%2Fv2%2Ftags&post=48638"}],"curies":[{"name":"wp","href":"https:\/\/api.w.org\/{rel}","templated":true}]}}