{"id":48642,"date":"2021-09-26T13:44:37","date_gmt":"2021-09-26T08:44:37","guid":{"rendered":"http:\/\/zamanturkmenistan.com.tm\/?p=48642"},"modified":"2021-09-26T13:44:37","modified_gmt":"2021-09-26T08:44:37","slug":"germaniyada-parlament-saylawlaryna-ses-berislik-baslady","status":"publish","type":"post","link":"https:\/\/zamanturkmenistan.com.tm\/?p=48642","title":{"rendered":"Germani\u00fdada Parlament sa\u00fdlawlaryna ses beri\u015flik ba\u015flady"},"content":{"rendered":"<p>\u00ddek\u015fenbe g\u00fcni Germani\u00fdada Parlament sa\u00fdlawlaryna ses bermek \u00fc\u00e7in sa\u00fdlaw u\u00e7astoklary a\u00e7yldy. U\u00e7astoklar \u00fderli wagt bilen 8.00-da a\u00e7yldy. \u201cExit poll\u201d-y\u0148 netijeleri, sa\u00fdlaw u\u00e7astoklary 18.00-da \u00fdapylandan gysga wagty\u0148 i\u00e7inde m\u00e4lim ediler.<\/p>\n<p>Koronawirus pandemi\u00fdasy bellenilen tertibe d\u00fczedi\u015fler girizdi &#8211; bu gezek \u015fahsy\u00fdetnama bilen birlikde sanitari\u00fda d\u00fczg\u00fcnlerine berk e\u00fderil\u00fd\u00e4r.<\/p>\n<p>Bundestaga ge\u00e7irilen sa\u00fdlawlardan so\u0148, t\u00e4ze Kansleri\u0148 ba\u015ftutanlygynda Germani\u00fdany\u0148 t\u00e4ze h\u00f6k\u00fcmeti d\u00f6rediler. Germani\u00fdany\u0148 Kansleri Angela Merkel 16 \u00fdyl h\u00e4kimi\u00fdet ba\u015fynda bolanyndan so\u0148 sa\u00fdlawlara gatna\u015fma\u00fdar.<\/p>\n<p><a href=\"https:\/\/zamanturkmenistan.com.tm\/wp-content\/uploads\/2021\/09\/\u0421\u043d\u0438\u043c\u043e\u043a.jpg\"><img decoding=\"async\" loading=\"lazy\" class=\"size-full wp-image-48644 alignright\" src=\"https:\/\/zamanturkmenistan.com.tm\/wp-content\/uploads\/2021\/09\/\u0421\u043d\u0438\u043c\u043e\u043a.jpg\" alt=\"\" width=\"600\" height=\"400\" srcset=\"https:\/\/zamanturkmenistan.com.tm\/wp-content\/uploads\/2021\/09\/\u0421\u043d\u0438\u043c\u043e\u043a.jpg 600w, https:\/\/zamanturkmenistan.com.tm\/wp-content\/uploads\/2021\/09\/\u0421\u043d\u0438\u043c\u043e\u043a-300x200.jpg 300w\" sizes=\"(max-width: 600px) 100vw, 600px\" \/><\/a>\u201cSpigel\u201d ne\u015firini\u0148 pikiri\u00e7e, takmynan, 60,4 million adam ses berip biler. Federal sa\u00fdlaw komissi\u00fdasyny\u0148 habaryna g\u00f6r\u00e4, 47 sy\u00fdasy birle\u015fik \u00f6z dala\u015fg\u00e4rligini h\u00f6d\u00fcrledi. German h\u00f6k\u00fcmetini\u0148 ba\u015flygy wezipesine esasy dala\u015fg\u00e4rler CDU\/CSU-ny\u0148 sy\u00fdasy bilele\u015figine wekil\u00e7ilik ed\u00fd\u00e4n Merkeli\u0148 parti\u00fdasyndan Armin Las\u015fet, Germani\u00fdany\u0148 Sosial Demokratik Parti\u00fdasyndan (SPD) Olaf \u015eols we \u201c\u00fda\u015fyllardan\u201d Annalena Berbok. I\u0148 so\u0148ky pikir soraly\u015fyklara g\u00f6r\u00e4, SPD \u00f6\u0148de bar\u00fdar.<\/p>\n<p>Germani\u00fdany\u0148 Merkezi sa\u00fdlaw komissi\u00fdasyny\u0148 deslapky resmi maglumatlary du\u015fenbe g\u00fcni ag\u015fam \u00e7ap ediler.<\/p>\n","protected":false},"excerpt":{"rendered":"<p>\u00ddek\u015fenbe g\u00fcni Germani\u00fdada Parlament sa\u00fdlawlaryna ses bermek \u00fc\u00e7in sa\u00fdlaw u\u00e7astoklary a\u00e7yldy. U\u00e7astoklar \u00fderli wagt bilen 8.00-da a\u00e7yldy. \u201cExit poll\u201d-y\u0148 netijeleri, sa\u00fdlaw u\u00e7astoklary 18.00-da \u00fdapylandan gysga wagty\u0148 i\u00e7inde m\u00e4lim ediler. Koronawirus pandemi\u00fdasy bellenilen tertibe d\u00fczedi\u015fler girizdi &#8211; bu gezek \u015fahsy\u00fdetnama bilen birlikde sanitari\u00fda d\u00fczg\u00fcnlerine berk e\u00fderil\u00fd\u00e4r. Bundestaga ge\u00e7irilen sa\u00fdlawlardan so\u0148, t\u00e4ze Kansleri\u0148 ba\u015ftutanlygynda Germani\u00fdany\u0148 t\u00e4ze h\u00f6k\u00fcmeti [&hellip;]<\/p>\n","protected":false},"author":1,"featured_media":48643,"comment_status":"open","ping_status":"closed","sticky":false,"template":"","format":"standard","meta":{"footnotes":""},"categories":[3],"tags":[],"acf":[],"_links":{"self":[{"href":"https:\/\/zamanturkmenistan.com.tm\/index.php?rest_route=\/wp\/v2\/posts\/48642"}],"collection":[{"href":"https:\/\/zamanturkmenistan.com.tm\/index.php?rest_route=\/wp\/v2\/posts"}],"about":[{"href":"https:\/\/zamanturkmenistan.com.tm\/index.php?rest_route=\/wp\/v2\/types\/post"}],"author":[{"embeddable":true,"href":"https:\/\/zamanturkmenistan.com.tm\/index.php?rest_route=\/wp\/v2\/users\/1"}],"replies":[{"embeddable":true,"href":"https:\/\/zamanturkmenistan.com.tm\/index.php?rest_route=%2Fwp%2Fv2%2Fcomments&post=48642"}],"version-history":[{"count":0,"href":"https:\/\/zamanturkmenistan.com.tm\/index.php?rest_route=\/wp\/v2\/posts\/48642\/revisions"}],"wp:featuredmedia":[{"embeddable":true,"href":"https:\/\/zamanturkmenistan.com.tm\/index.php?rest_route=\/wp\/v2\/media\/48643"}],"wp:attachment":[{"href":"https:\/\/zamanturkmenistan.com.tm\/index.php?rest_route=%2Fwp%2Fv2%2Fmedia&parent=48642"}],"wp:term":[{"taxonomy":"category","embeddable":true,"href":"https:\/\/zamanturkmenistan.com.tm\/index.php?rest_route=%2Fwp%2Fv2%2Fcategories&post=48642"},{"taxonomy":"post_tag","embeddable":true,"href":"https:\/\/zamanturkmenistan.com.tm\/index.php?rest_route=%2Fwp%2Fv2%2Ftags&post=48642"}],"curies":[{"name":"wp","href":"https:\/\/api.w.org\/{rel}","templated":true}]}}