{"id":48783,"date":"2021-09-29T09:48:06","date_gmt":"2021-09-29T04:48:06","guid":{"rendered":"http:\/\/zamanturkmenistan.com.tm\/?p=48783"},"modified":"2021-09-29T09:48:06","modified_gmt":"2021-09-29T04:48:06","slug":"turkmenistanyn-prezidenti-john-deere-kompaniyasynyn-wekilini-kabul-etdi","status":"publish","type":"post","link":"https:\/\/zamanturkmenistan.com.tm\/?p=48783","title":{"rendered":"T\u00fcrkmenistany\u0148 Prezidenti \u201cJohn Deere\u201d kompani\u00fdasyny\u0148 wekilini kabul etdi"},"content":{"rendered":"<p>28-nji sent\u00fdabrda hormatly Prezidentimiz Gurbanguly Berdimuhamedow Amerikany\u0148 \u201cJohn Deere\u201d kompani\u00fdasyny\u0148 oba hojalyk we bag\u00e7ylyk-park b\u00f6l\u00fcmini\u0148 \u00fdolba\u015f\u00e7ysy Markwart fon Pentsi kabul etdi. Myhman T\u00fcrkmenistany\u0148 Gara\u015fsyzlygyny\u0148 30 \u00fdyllyk ba\u00fdramy mynasybetli guralan dabaralara gatna\u015fmak \u00fc\u00e7in \u00fdurdumyza geldi.<\/p>\n<p>I\u015few\u00fcr wagt tapyp kabul edendigi we gi\u0148 gerimli ba\u00fdram\u00e7ylyk \u00e7\u00e4relerine gatna\u015fmaga d\u00f6redilen m\u00fcmkin\u00e7ilik \u00fc\u00e7in milli Liderimize ho\u015fallyk bildirdi hem-de d\u00f6wlet Ba\u015ftutanymyzy we tutu\u015f t\u00fcrkmen halkyny \u00fdurt Gara\u015fsyzlygyny\u0148 30 \u00fdyllyk \u015fanly senesi bilen gutlady.<\/p>\n<p>Myhman \u201cJohn Deere\u201d kompani\u00fdasyny\u0148 T\u00fcrkmenistan bilen \u00fdola go\u00fdlan k\u00f6p\u00fdyllyk hyzmatda\u015flygyna bu\u00fdsan\u00fdandygyny we netijeli gatna\u015fyklary mundan be\u00fdl\u00e4k-de \u00f6sd\u00fcrm\u00e4ge uly gyzyklanma bildir\u00fd\u00e4ndigini nygtady.<\/p>\n<p>Hormatly Prezidentimiz gutlaglar \u00fc\u00e7in minnetdarlyk bildirip, \u00fdurdumyzy\u0148 d\u00fcn\u00fd\u00e4 i\u015few\u00fcrligini\u0148, \u015fol sanda Amerikany\u0148 Birle\u015fen \u015etatlaryny\u0148 \u00f6\u0148debaryjy kompani\u00fdalary bilen \u00f6zara pe\u00fddaly gatna\u015fyklar \u00fc\u00e7in hemi\u015fe a\u00e7ykdygyny a\u00fdtdy.<\/p>\n<p>Du\u015fu\u015fygy\u0148 dowamynda i\u015few\u00fcr d\u00f6wlet Ba\u015ftutanymyza ozal gazanylan ylala\u015fyklary\u0148 \u00fderine \u00fdetirili\u015fi, \u00f6zara gatna\u015fyklary\u0148 ugurlaryny gi\u0148eltmek we T\u00fcrkmenistana getiril\u00fd\u00e4n oba hojalyk tehnikalaryny\u0148, \u015fol sanda t\u00e4ze g\u00f6rn\u00fc\u015fli pagta \u00fdygyjy we galla orujy komba\u00fdnlaryny\u0148, \u00fderli toprak-howa \u015fertlerine la\u00fdyk gel\u00fd\u00e4n tehnikalaryny\u0148 iberil\u00fd\u00e4n g\u00f6rn\u00fc\u015flerini artdyrmak meselelerine kompani\u00fdany\u0148 m\u00f6h\u00fcm \u00e4hmi\u00fdet ber\u00fd\u00e4ndigini nygtady.<\/p>\n<p>Du\u015fu\u015fygy\u0148 ahyrynda myhman d\u00f6wlet Ba\u015ftutanymyzy \u00fdurdumyzy\u0148 mukaddes Gara\u015fsyzlygyny\u0148 30 \u00fdyllyk ba\u00fdramy bilen \u00fdene bir \u00fdola gutlady we milli Liderimize bildir\u00fd\u00e4n ynamy \u00fc\u00e7in ho\u015fallyk bildirdi. \u201cJohn Deere\u201d kompani\u00fdasyny\u0148 wekili netijeli gatna\u015fyklary mundan be\u00fdl\u00e4k-de pugtalandyrmak ugrunda \u00e4hli zerur tagallalaryny ga\u00fdgyrmajakdygyna ynandyrdy.<\/p>\n","protected":false},"excerpt":{"rendered":"<p>28-nji sent\u00fdabrda hormatly Prezidentimiz Gurbanguly Berdimuhamedow Amerikany\u0148 \u201cJohn Deere\u201d kompani\u00fdasyny\u0148 oba hojalyk we bag\u00e7ylyk-park b\u00f6l\u00fcmini\u0148 \u00fdolba\u015f\u00e7ysy Markwart fon Pentsi kabul etdi. Myhman T\u00fcrkmenistany\u0148 Gara\u015fsyzlygyny\u0148 30 \u00fdyllyk ba\u00fdramy mynasybetli guralan dabaralara gatna\u015fmak \u00fc\u00e7in \u00fdurdumyza geldi. I\u015few\u00fcr wagt tapyp kabul edendigi we gi\u0148 gerimli ba\u00fdram\u00e7ylyk \u00e7\u00e4relerine gatna\u015fmaga d\u00f6redilen m\u00fcmkin\u00e7ilik \u00fc\u00e7in milli Liderimize ho\u015fallyk bildirdi hem-de d\u00f6wlet Ba\u015ftutanymyzy [&hellip;]<\/p>\n","protected":false},"author":2,"featured_media":48784,"comment_status":"open","ping_status":"closed","sticky":false,"template":"","format":"standard","meta":{"footnotes":""},"categories":[3],"tags":[],"acf":[],"_links":{"self":[{"href":"https:\/\/zamanturkmenistan.com.tm\/index.php?rest_route=\/wp\/v2\/posts\/48783"}],"collection":[{"href":"https:\/\/zamanturkmenistan.com.tm\/index.php?rest_route=\/wp\/v2\/posts"}],"about":[{"href":"https:\/\/zamanturkmenistan.com.tm\/index.php?rest_route=\/wp\/v2\/types\/post"}],"author":[{"embeddable":true,"href":"https:\/\/zamanturkmenistan.com.tm\/index.php?rest_route=\/wp\/v2\/users\/2"}],"replies":[{"embeddable":true,"href":"https:\/\/zamanturkmenistan.com.tm\/index.php?rest_route=%2Fwp%2Fv2%2Fcomments&post=48783"}],"version-history":[{"count":0,"href":"https:\/\/zamanturkmenistan.com.tm\/index.php?rest_route=\/wp\/v2\/posts\/48783\/revisions"}],"wp:featuredmedia":[{"embeddable":true,"href":"https:\/\/zamanturkmenistan.com.tm\/index.php?rest_route=\/wp\/v2\/media\/48784"}],"wp:attachment":[{"href":"https:\/\/zamanturkmenistan.com.tm\/index.php?rest_route=%2Fwp%2Fv2%2Fmedia&parent=48783"}],"wp:term":[{"taxonomy":"category","embeddable":true,"href":"https:\/\/zamanturkmenistan.com.tm\/index.php?rest_route=%2Fwp%2Fv2%2Fcategories&post=48783"},{"taxonomy":"post_tag","embeddable":true,"href":"https:\/\/zamanturkmenistan.com.tm\/index.php?rest_route=%2Fwp%2Fv2%2Ftags&post=48783"}],"curies":[{"name":"wp","href":"https:\/\/api.w.org\/{rel}","templated":true}]}}