{"id":48824,"date":"2021-09-29T14:32:18","date_gmt":"2021-09-29T09:32:18","guid":{"rendered":"http:\/\/zamanturkmenistan.com.tm\/?p=48824"},"modified":"2021-09-29T14:32:18","modified_gmt":"2021-09-29T09:32:18","slug":"cawusoglu-turkmenistan-turk-genesine-syncy-hokmunde-gatnasar","status":"publish","type":"post","link":"https:\/\/zamanturkmenistan.com.tm\/?p=48824","title":{"rendered":"\u00c7awu\u015foglu: T\u00fcrkmenistan T\u00fcrk Ge\u0148e\u015fine syn\u00e7y h\u00f6km\u00fcnde gatna\u015far"},"content":{"rendered":"<p>T\u00fcrk dilli d\u00f6wletleri\u0148 Hyzmatda\u015flyk Ge\u0148e\u015fine (T\u00fcrk Ge\u0148e\u015fi) agza \u00fdurtlaryny\u0148 d\u00f6wlet Ba\u015ftutanlaryny\u0148 sekizinji sammiti 2021-nji \u00fdyly\u0148 12-nji no\u00fdabrynda Stambulda ge\u00e7iriler. \u201cT\u00fcrkmenistan Ge\u0148e\u015fe syn\u00e7y h\u00f6km\u00fcnde gatna\u015far\u201d di\u00fdip, \u201cInterfaks-Azerba\u00fdjan\u201d habar gullugy T\u00fcrki\u00fd\u00e4ni\u0148 Da\u015fary i\u015fler ministri Mewl\u00fct \u00c7awusoglyny\u0148 beren be\u00fdanatyna salgylandy.<\/p>\n<p>-\u015eu g\u00fcn, T\u00fcrk Ge\u0148e\u015fine agza \u00fdurtlaryny\u0148 da\u015fary i\u015fler ministrlerini\u0148 maslahatynda 12-nji no\u00fdabrda Stambulda ge\u00e7iriljek gurama agza \u00fdurtlary\u0148 d\u00f6wlet Ba\u015ftutanlaryny\u0148 sekizinji sammitini\u0148 g\u00fcn tertibi ara alnyp maslahatla\u015fyldy. Bu sammitde Ge\u0148e\u015f \u00fc\u00e7in taryhy \u00e4dimler belli bolar \u2013 di\u00fdip, \u00c7awusoglu du\u015fenbe g\u00fcni T\u00fcrk Ge\u0148e\u015fini\u0148 \u00fdurtlaryny\u0148 da\u015fary i\u015fler ministrlerini\u0148 \u00fdygnagyndan so\u0148 Ankarada ge\u00e7irilen metbugat \u00fdygnagynda a\u00fdtdy.<\/p>\n<p>T\u00fcrki\u00fd\u00e4ni\u0148 da\u015fary sy\u00fdasat edarasyny\u0148 ba\u015flygy Stambul sammitinde T\u00fcrkmenistany\u0148 T\u00fcrk Ge\u0148e\u015fine syn\u00e7y h\u00f6km\u00fcnde go\u015fuljakdygyny a\u00fdtdy. &#8211; \u015ee\u00fdlelik bilen, bizi\u0148 &#8220;ma\u015fgala suratymyz\u201d has-da k\u00e4mil bolar \u2013 di\u00fdip \u00c7awu\u015foglu belledi.<\/p>\n<p>\u015eu \u00fdyly\u0148 i\u00fdun a\u00fdyny\u0148 ahyrynda A\u015fgabatda T\u00fcrk Ge\u0148e\u015fini\u0148 Ba\u015f sekretary Bagdat Amre\u00fdew bilen T\u00fcrkmenistany\u0148 Da\u015fary i\u015fler ministri Ra\u015fid Meredowy\u0148 du\u015fu\u015fygy ge\u00e7irildi. Du\u015fu\u015fykda taraplar T\u00fcrkmenistany\u0148 a\u00fdratyn dereje bilen T\u00fcrk Ge\u0148e\u015fine go\u015fuly\u015fmak m\u00fcmkin\u00e7ilikleri ara alyp maslahatla\u015fyldy.<\/p>\n<p>T\u00fcrk dilli d\u00f6wletleri\u0148 Hyzmatda\u015flyk Ge\u0148e\u015fi 2009-njy \u00fdyly\u0148 okt\u00fdabr a\u00fdynda d\u00f6redildi. Gyrgyzystan, Azerba\u00fdjan, Gazagystan, \u00d6zbegistan we T\u00fcrki\u00fde Ge\u0148e\u015fi\u0148 h\u00e4zirki agzalarydyr.<\/p>\n","protected":false},"excerpt":{"rendered":"<p>T\u00fcrk dilli d\u00f6wletleri\u0148 Hyzmatda\u015flyk Ge\u0148e\u015fine (T\u00fcrk Ge\u0148e\u015fi) agza \u00fdurtlaryny\u0148 d\u00f6wlet Ba\u015ftutanlaryny\u0148 sekizinji sammiti 2021-nji \u00fdyly\u0148 12-nji no\u00fdabrynda Stambulda ge\u00e7iriler. \u201cT\u00fcrkmenistan Ge\u0148e\u015fe syn\u00e7y h\u00f6km\u00fcnde gatna\u015far\u201d di\u00fdip, \u201cInterfaks-Azerba\u00fdjan\u201d habar gullugy T\u00fcrki\u00fd\u00e4ni\u0148 Da\u015fary i\u015fler ministri Mewl\u00fct \u00c7awusoglyny\u0148 beren be\u00fdanatyna salgylandy. -\u015eu g\u00fcn, T\u00fcrk Ge\u0148e\u015fine agza \u00fdurtlaryny\u0148 da\u015fary i\u015fler ministrlerini\u0148 maslahatynda 12-nji no\u00fdabrda Stambulda ge\u00e7iriljek gurama agza \u00fdurtlary\u0148 d\u00f6wlet [&hellip;]<\/p>\n","protected":false},"author":2,"featured_media":48825,"comment_status":"open","ping_status":"closed","sticky":false,"template":"","format":"standard","meta":{"footnotes":""},"categories":[5],"tags":[],"acf":[],"_links":{"self":[{"href":"https:\/\/zamanturkmenistan.com.tm\/index.php?rest_route=\/wp\/v2\/posts\/48824"}],"collection":[{"href":"https:\/\/zamanturkmenistan.com.tm\/index.php?rest_route=\/wp\/v2\/posts"}],"about":[{"href":"https:\/\/zamanturkmenistan.com.tm\/index.php?rest_route=\/wp\/v2\/types\/post"}],"author":[{"embeddable":true,"href":"https:\/\/zamanturkmenistan.com.tm\/index.php?rest_route=\/wp\/v2\/users\/2"}],"replies":[{"embeddable":true,"href":"https:\/\/zamanturkmenistan.com.tm\/index.php?rest_route=%2Fwp%2Fv2%2Fcomments&post=48824"}],"version-history":[{"count":0,"href":"https:\/\/zamanturkmenistan.com.tm\/index.php?rest_route=\/wp\/v2\/posts\/48824\/revisions"}],"wp:featuredmedia":[{"embeddable":true,"href":"https:\/\/zamanturkmenistan.com.tm\/index.php?rest_route=\/wp\/v2\/media\/48825"}],"wp:attachment":[{"href":"https:\/\/zamanturkmenistan.com.tm\/index.php?rest_route=%2Fwp%2Fv2%2Fmedia&parent=48824"}],"wp:term":[{"taxonomy":"category","embeddable":true,"href":"https:\/\/zamanturkmenistan.com.tm\/index.php?rest_route=%2Fwp%2Fv2%2Fcategories&post=48824"},{"taxonomy":"post_tag","embeddable":true,"href":"https:\/\/zamanturkmenistan.com.tm\/index.php?rest_route=%2Fwp%2Fv2%2Ftags&post=48824"}],"curies":[{"name":"wp","href":"https:\/\/api.w.org\/{rel}","templated":true}]}}