{"id":48827,"date":"2021-09-29T14:38:10","date_gmt":"2021-09-29T09:38:10","guid":{"rendered":"http:\/\/zamanturkmenistan.com.tm\/?p=48827"},"modified":"2021-09-29T14:38:10","modified_gmt":"2021-09-29T09:38:10","slug":"fumio-kisida-yaponiyanyn-dolandyryjy-partiyasynyn-baslyklygyna-saylandy","status":"publish","type":"post","link":"https:\/\/zamanturkmenistan.com.tm\/?p=48827","title":{"rendered":"Fumio Kisida \u00ddaponi\u00fdany\u0148 dolandyryjy parti\u00fdasyny\u0148 ba\u015flyklygyna sa\u00fdlandy"},"content":{"rendered":"<p>\u00ddaponi\u00fdany\u0148 dolandyryjy Liberal-demokratik parti\u00fdasyny\u0148 t\u00e4ze ba\u015flyklygyna sa\u00fdlanan \u00f6\u0148ki da\u015fary i\u015fler ministri Fumio Kisida \u00fdurdu\u0148 indiki Prem\u00fder-ministr bolar.<\/p>\n<p>T\u00e4ze ba\u015flyk Fumio Kisida di\u0148e ikinji tapgyrda sa\u00fdlanyp, sesleri\u0148 427-den 257-sine e\u00fde boldy. Onu\u0148 b\u00e4sde\u015fi, \u00ddaponi\u00fdany\u0148 \u00f6\u0148ki da\u015fary i\u015fler we goranmak ministri Taro Kono 170 ses aldy.<\/p>\n<p>\u015ee\u00fdlelikde, Fumio Kisida indi Liberal-demokratik parti\u00fdany\u0148 ba\u015flygy wezipesini \u00fderine \u00fdetir\u00fd\u00e4r we \u00fdakyn wagtda \u00ddaponi\u00fdany\u0148 100-nji t\u00e4ze Prem\u00fder-ministri bolar.<\/p>\n<p>Dolandyryjy parti\u00fdany\u0148 t\u00e4ze ba\u015flygy \u00f6z wezipesini giri\u015fm\u00e4ge ta\u00fd\u00fdardygyny m\u00e4lim etdi. Fumio Kisidany\u0148 ileri tutul\u00fdan meselelerini\u0148 biri hem \u00ddaponi\u00fdada koronawirusy\u0148 netijelerine gar\u015fy g\u00f6re\u015fmek \u00fc\u00e7in ykdysady \u00e7\u00e4releri i\u015fl\u00e4p d\u00fczmekden ybaratdyr.<\/p>\n","protected":false},"excerpt":{"rendered":"<p>\u00ddaponi\u00fdany\u0148 dolandyryjy Liberal-demokratik parti\u00fdasyny\u0148 t\u00e4ze ba\u015flyklygyna sa\u00fdlanan \u00f6\u0148ki da\u015fary i\u015fler ministri Fumio Kisida \u00fdurdu\u0148 indiki Prem\u00fder-ministr bolar. T\u00e4ze ba\u015flyk Fumio Kisida di\u0148e ikinji tapgyrda sa\u00fdlanyp, sesleri\u0148 427-den 257-sine e\u00fde boldy. Onu\u0148 b\u00e4sde\u015fi, \u00ddaponi\u00fdany\u0148 \u00f6\u0148ki da\u015fary i\u015fler we goranmak ministri Taro Kono 170 ses aldy. \u015ee\u00fdlelikde, Fumio Kisida indi Liberal-demokratik parti\u00fdany\u0148 ba\u015flygy wezipesini \u00fderine \u00fdetir\u00fd\u00e4r we [&hellip;]<\/p>\n","protected":false},"author":2,"featured_media":48828,"comment_status":"open","ping_status":"closed","sticky":false,"template":"","format":"standard","meta":{"footnotes":""},"categories":[5],"tags":[],"acf":[],"_links":{"self":[{"href":"https:\/\/zamanturkmenistan.com.tm\/index.php?rest_route=\/wp\/v2\/posts\/48827"}],"collection":[{"href":"https:\/\/zamanturkmenistan.com.tm\/index.php?rest_route=\/wp\/v2\/posts"}],"about":[{"href":"https:\/\/zamanturkmenistan.com.tm\/index.php?rest_route=\/wp\/v2\/types\/post"}],"author":[{"embeddable":true,"href":"https:\/\/zamanturkmenistan.com.tm\/index.php?rest_route=\/wp\/v2\/users\/2"}],"replies":[{"embeddable":true,"href":"https:\/\/zamanturkmenistan.com.tm\/index.php?rest_route=%2Fwp%2Fv2%2Fcomments&post=48827"}],"version-history":[{"count":0,"href":"https:\/\/zamanturkmenistan.com.tm\/index.php?rest_route=\/wp\/v2\/posts\/48827\/revisions"}],"wp:featuredmedia":[{"embeddable":true,"href":"https:\/\/zamanturkmenistan.com.tm\/index.php?rest_route=\/wp\/v2\/media\/48828"}],"wp:attachment":[{"href":"https:\/\/zamanturkmenistan.com.tm\/index.php?rest_route=%2Fwp%2Fv2%2Fmedia&parent=48827"}],"wp:term":[{"taxonomy":"category","embeddable":true,"href":"https:\/\/zamanturkmenistan.com.tm\/index.php?rest_route=%2Fwp%2Fv2%2Fcategories&post=48827"},{"taxonomy":"post_tag","embeddable":true,"href":"https:\/\/zamanturkmenistan.com.tm\/index.php?rest_route=%2Fwp%2Fv2%2Ftags&post=48827"}],"curies":[{"name":"wp","href":"https:\/\/api.w.org\/{rel}","templated":true}]}}