{"id":49165,"date":"2021-10-06T17:07:40","date_gmt":"2021-10-06T12:07:40","guid":{"rendered":"https:\/\/zamanturkmenistan.com.tm\/?p=49165"},"modified":"2021-10-06T17:07:40","modified_gmt":"2021-10-06T12:07:40","slug":"yaponiyada-parlament-saylawlary-geciriler","status":"publish","type":"post","link":"https:\/\/zamanturkmenistan.com.tm\/?p=49165","title":{"rendered":"\u00ddaponi\u00fdada parlament sa\u00fdlawlary ge\u00e7iriler"},"content":{"rendered":"<p>\u00ddaponi\u00fdany\u0148 Prem\u00fder-ministri Fumio Kisida parlamenti\u0148 a\u015faky palatasyny \u00fdatyryp, 31-nji okt\u00fdabrda sa\u00fdlaw ge\u00e7irmek baradaky ni\u00fdetini resmi ta\u00fddan m\u00e4lim etdi. Ol bu barada \u00f6z\u00fcni\u0148 ilkinji metbugat \u00fdygnagynda a\u00fdtdy.<\/p>\n<p>-A\u015faky palatany\u0148 ygty\u00fdarlyk m\u00f6hleti 21-nji okt\u00fdabrda gutar\u00fdar. Men maksatnamalarym barada \u00e7yky\u015f etmek\u00e7i we parlament maslahatlaryndan so\u0148, 14-nji okt\u00fdabrda a\u015faky palatany \u00fdatyrmak ni\u00fdetim bar. 19-njy okt\u00fdabrda sa\u00fdlaw kampani\u00fdasyny\u0148 ba\u015flanyp, ses beri\u015fligi\u0148 31-nji okt\u00fdabrda ge\u00e7irilmegini me\u00fdille\u015fdir\u00fd\u00e4ri\u0148. Meni\u0148 pikirim\u00e7e, h\u00e4zirki \u00fdagda\u00fdy g\u00f6z \u00f6\u0148\u00fcnde tutup, bular m\u00fcmkin boldugy\u00e7a gysga wagtda berja\u00fd edilmeli \u2013 di\u00fdip,\u00a0 Fumio Kisida belledi.<\/p>\n<p>Ol koronawirus \u00fdokan\u00e7lygyny\u0148 peselmegi seb\u00e4pli sa\u00fdlawlary m\u00fcmkin boldugy\u00e7a gysga wagtda ge\u00e7irmegi\u0148 zerurdygyny, \u00fd\u00f6ne \u00fdagda\u00fdy\u0148 islendik wagtda \u00fc\u00fdtg\u00e4p biljekdigini d\u00fc\u015f\u00fcndirdi. \u015ee\u00fdle hem, ykdysady ta\u00fddan dikeldi\u015f i\u015flerine gysga wagtda ba\u015flamak \u00fc\u00e7in halkdan gysga wagtda ynam mandatyny soramak isle\u00fd\u00e4ndigini a\u00fdtdy.<\/p>\n","protected":false},"excerpt":{"rendered":"<p>\u00ddaponi\u00fdany\u0148 Prem\u00fder-ministri Fumio Kisida parlamenti\u0148 a\u015faky palatasyny \u00fdatyryp, 31-nji okt\u00fdabrda sa\u00fdlaw ge\u00e7irmek baradaky ni\u00fdetini resmi ta\u00fddan m\u00e4lim etdi. Ol bu barada \u00f6z\u00fcni\u0148 ilkinji metbugat \u00fdygnagynda a\u00fdtdy. -A\u015faky palatany\u0148 ygty\u00fdarlyk m\u00f6hleti 21-nji okt\u00fdabrda gutar\u00fdar. Men maksatnamalarym barada \u00e7yky\u015f etmek\u00e7i we parlament maslahatlaryndan so\u0148, 14-nji okt\u00fdabrda a\u015faky palatany \u00fdatyrmak ni\u00fdetim bar. 19-njy okt\u00fdabrda sa\u00fdlaw kampani\u00fdasyny\u0148 ba\u015flanyp, ses [&hellip;]<\/p>\n","protected":false},"author":2,"featured_media":49166,"comment_status":"open","ping_status":"closed","sticky":false,"template":"","format":"standard","meta":{"footnotes":""},"categories":[5],"tags":[],"acf":[],"_links":{"self":[{"href":"https:\/\/zamanturkmenistan.com.tm\/index.php?rest_route=\/wp\/v2\/posts\/49165"}],"collection":[{"href":"https:\/\/zamanturkmenistan.com.tm\/index.php?rest_route=\/wp\/v2\/posts"}],"about":[{"href":"https:\/\/zamanturkmenistan.com.tm\/index.php?rest_route=\/wp\/v2\/types\/post"}],"author":[{"embeddable":true,"href":"https:\/\/zamanturkmenistan.com.tm\/index.php?rest_route=\/wp\/v2\/users\/2"}],"replies":[{"embeddable":true,"href":"https:\/\/zamanturkmenistan.com.tm\/index.php?rest_route=%2Fwp%2Fv2%2Fcomments&post=49165"}],"version-history":[{"count":0,"href":"https:\/\/zamanturkmenistan.com.tm\/index.php?rest_route=\/wp\/v2\/posts\/49165\/revisions"}],"wp:featuredmedia":[{"embeddable":true,"href":"https:\/\/zamanturkmenistan.com.tm\/index.php?rest_route=\/wp\/v2\/media\/49166"}],"wp:attachment":[{"href":"https:\/\/zamanturkmenistan.com.tm\/index.php?rest_route=%2Fwp%2Fv2%2Fmedia&parent=49165"}],"wp:term":[{"taxonomy":"category","embeddable":true,"href":"https:\/\/zamanturkmenistan.com.tm\/index.php?rest_route=%2Fwp%2Fv2%2Fcategories&post=49165"},{"taxonomy":"post_tag","embeddable":true,"href":"https:\/\/zamanturkmenistan.com.tm\/index.php?rest_route=%2Fwp%2Fv2%2Ftags&post=49165"}],"curies":[{"name":"wp","href":"https:\/\/api.w.org\/{rel}","templated":true}]}}