{"id":49168,"date":"2021-10-06T17:10:24","date_gmt":"2021-10-06T12:10:24","guid":{"rendered":"https:\/\/zamanturkmenistan.com.tm\/?p=49168"},"modified":"2021-10-06T17:10:24","modified_gmt":"2021-10-06T12:10:24","slug":"turkmen-rumyn-genesmeleri-gecirildi","status":"publish","type":"post","link":"https:\/\/zamanturkmenistan.com.tm\/?p=49168","title":{"rendered":"T\u00dcRKMEN-RUMYN GE\u0147E\u015eMELERI GE\u00c7IRILDI"},"content":{"rendered":"<p>5-nji okt\u00fdabrda sanly wideoaragatna\u015fyk g\u00f6rn\u00fc\u015finde T\u00fcrkmenistany\u0148 hem-de Rumyni\u00fdany\u0148 DIM-ni\u0148 degi\u015fli departamentlerini\u0148 \u00fdolba\u015f\u00e7ylaryny\u0148 derejesinde da\u015fary i\u015fler ministrliklerini\u0148 arasynda t\u00fcrkmen-rumyn ge\u0148e\u015fmeleri ge\u00e7irildi. Rumyn wekili\u00fdetine Rumyni\u00fdany\u0148 DIM-ni\u0148 Il\u00e7isi, ba\u015f direktory Dan \u00ddanku \u00fdolba\u015f\u00e7ylyk etdi.<\/p>\n<p>I\u015fje\u0148 maslahatla\u015fmalary\u0148 bar\u015fynda sy\u00fdasy-diplomatik, s\u00f6wda-ykdysady ulgamlaryndaky, \u015fol sanda bilim pudagyndaky \u00f6zara hereketleri\u0148 derwa\u00fdys meselelerini\u0148 gi\u0148 toplumy ara alnyp maslahatla\u015fyldy.<\/p>\n<p>Taraplar \u00abHazar de\u0148zi \u2013 Gara de\u0148zi\u00bb Halkara ulag ge\u00e7elgeleri babatynda \u00f6\u0148 gazanylan ylala\u015fyklary\u0148 durmu\u015fa ge\u00e7irili\u015fine a\u00fdratyn \u00fcns berdiler, \u00e7\u00fcnki bu ugurda \u00fdurtlary\u0148 \u00e4hmi\u00fdetli m\u00fcmkin\u00e7ilikleri bardyr.<\/p>\n<p>Ikitarapla\u00fdyn s\u00f6wda dolan\u015fygyny\u0148 i\u015fje\u0148le\u015fdirilmegi, hyzmatda\u015flygy\u0148 \u015fertnama-hukuk bin\u00fdadyny\u0148 has-da gi\u0148eldilmegi nobatdaky ge\u0148e\u015fmeleri\u0148 derwa\u00fdys ugurlaryny d\u00fczdi.<\/p>\n","protected":false},"excerpt":{"rendered":"<p>5-nji okt\u00fdabrda sanly wideoaragatna\u015fyk g\u00f6rn\u00fc\u015finde T\u00fcrkmenistany\u0148 hem-de Rumyni\u00fdany\u0148 DIM-ni\u0148 degi\u015fli departamentlerini\u0148 \u00fdolba\u015f\u00e7ylaryny\u0148 derejesinde da\u015fary i\u015fler ministrliklerini\u0148 arasynda t\u00fcrkmen-rumyn ge\u0148e\u015fmeleri ge\u00e7irildi. Rumyn wekili\u00fdetine Rumyni\u00fdany\u0148 DIM-ni\u0148 Il\u00e7isi, ba\u015f direktory Dan \u00ddanku \u00fdolba\u015f\u00e7ylyk etdi. I\u015fje\u0148 maslahatla\u015fmalary\u0148 bar\u015fynda sy\u00fdasy-diplomatik, s\u00f6wda-ykdysady ulgamlaryndaky, \u015fol sanda bilim pudagyndaky \u00f6zara hereketleri\u0148 derwa\u00fdys meselelerini\u0148 gi\u0148 toplumy ara alnyp maslahatla\u015fyldy. Taraplar \u00abHazar de\u0148zi \u2013 Gara [&hellip;]<\/p>\n","protected":false},"author":2,"featured_media":49169,"comment_status":"open","ping_status":"closed","sticky":false,"template":"","format":"standard","meta":{"footnotes":""},"categories":[3],"tags":[],"acf":[],"_links":{"self":[{"href":"https:\/\/zamanturkmenistan.com.tm\/index.php?rest_route=\/wp\/v2\/posts\/49168"}],"collection":[{"href":"https:\/\/zamanturkmenistan.com.tm\/index.php?rest_route=\/wp\/v2\/posts"}],"about":[{"href":"https:\/\/zamanturkmenistan.com.tm\/index.php?rest_route=\/wp\/v2\/types\/post"}],"author":[{"embeddable":true,"href":"https:\/\/zamanturkmenistan.com.tm\/index.php?rest_route=\/wp\/v2\/users\/2"}],"replies":[{"embeddable":true,"href":"https:\/\/zamanturkmenistan.com.tm\/index.php?rest_route=%2Fwp%2Fv2%2Fcomments&post=49168"}],"version-history":[{"count":0,"href":"https:\/\/zamanturkmenistan.com.tm\/index.php?rest_route=\/wp\/v2\/posts\/49168\/revisions"}],"wp:featuredmedia":[{"embeddable":true,"href":"https:\/\/zamanturkmenistan.com.tm\/index.php?rest_route=\/wp\/v2\/media\/49169"}],"wp:attachment":[{"href":"https:\/\/zamanturkmenistan.com.tm\/index.php?rest_route=%2Fwp%2Fv2%2Fmedia&parent=49168"}],"wp:term":[{"taxonomy":"category","embeddable":true,"href":"https:\/\/zamanturkmenistan.com.tm\/index.php?rest_route=%2Fwp%2Fv2%2Fcategories&post=49168"},{"taxonomy":"post_tag","embeddable":true,"href":"https:\/\/zamanturkmenistan.com.tm\/index.php?rest_route=%2Fwp%2Fv2%2Ftags&post=49168"}],"curies":[{"name":"wp","href":"https:\/\/api.w.org\/{rel}","templated":true}]}}