{"id":49176,"date":"2021-10-06T18:09:37","date_gmt":"2021-10-06T13:09:37","guid":{"rendered":"https:\/\/zamanturkmenistan.com.tm\/?p=49176"},"modified":"2021-10-06T18:09:37","modified_gmt":"2021-10-06T13:09:37","slug":"abiy-ahmed-efiopiyanyn-premyer-ministri-wezipesine-saylandy","status":"publish","type":"post","link":"https:\/\/zamanturkmenistan.com.tm\/?p=49176","title":{"rendered":"Abi\u00fd Ahmed Efiopi\u00fdany\u0148 Prem\u00fder-ministri wezipesine sa\u00fdlandy"},"content":{"rendered":"<p>4-nji sent\u00fdabrda Efiopi\u00fdany\u0148 federal parlamenti Aby Ahmed Alini Prem\u00fder-ministr wezipesine ga\u00fdtadan sa\u00fdlandan so\u0148, h\u00f6k\u00fcmet ba\u015flygy h\u00f6km\u00fcnde kasam kabul etdi. Bu barada Efiopi\u00fdany\u0148 \u201cFana\u201d tele\u00fda\u00fdlymy habar berdi. Kasamdan ozal a\u015faky palatany\u0148 &#8211; Halk wekiller ge\u0148e\u015fini\u0148 wekillerini\u0148 ses beri\u015fligi ge\u00e7irildi.<\/p>\n<p>Ahmedi\u0148 \u00fdolba\u015f\u00e7ylygyndaky \u201cBagty\u00fdarlyk\u201d bilele\u015figi 21-nji i\u00fdunda ge\u00e7irilen \u00e4hlumumy sa\u00fdlawlary\u0148 birinji tapgyrynda parlamentde k\u00f6pl\u00fcge e\u00fde bolupdy. Onu\u0148 wekilleri ses beri\u015flik ge\u00e7irilen 436 sa\u00fdlaw okrugyndan 410-synda \u00fde\u0148i\u015f gazandy. Sa\u00fdlawlary\u0148 ikinji tapgyry 30-njy sent\u00fdabrda ge\u00e7irildi.<\/p>\n<p>B\u00e4\u015f \u00fdyllyk m\u00f6hlete sa\u00fdlanan parlament Efiopi\u00fdany\u0148 sy\u00fdasy ulgamynda m\u00f6h\u00fcm rol o\u00fdna\u00fdar. Deputatlar \u00fdurdu\u0148 prezidentini sa\u00fdla\u00fdarlar we h\u00f6k\u00fcmet ba\u015ftutany belle\u00fd\u00e4rler.<\/p>\n<p>Abi\u00fd Ahmed Ali 2018-nji \u00fdyly\u0148 2-nji aprelinden b\u00e4ri Efiopi\u00fdany\u0148 Prem\u00fder-ministri wezipesini \u00fderine \u00fdetirip gel\u00fd\u00e4r. 2019-njy \u00fdyly\u0148 okt\u00fdabr a\u00fdyny\u0148 ortalarynda Nobel komitetini\u0148 karary bilen Abi\u00fd Ahmed Parahat\u00e7ylyk bo\u00fdun\u00e7a Nobel ba\u00fdragy bilen sylaglandy.<\/p>\n<p>Efiopi\u00fda federatiw demokratik Respublikasy G\u00fcndogar Afrikadaky de\u0148ze \u00e7ykalgasy bolmadyk d\u00f6wlet bolup, 100 milliondan gowrak ilaty bilen Afrikada i\u0148 k\u00f6p ilatly \u00fdurtdyr (Nigeri\u00fdadan so\u0148). Pa\u00fdtagty Addis Abeba.<\/p>\n","protected":false},"excerpt":{"rendered":"<p>4-nji sent\u00fdabrda Efiopi\u00fdany\u0148 federal parlamenti Aby Ahmed Alini Prem\u00fder-ministr wezipesine ga\u00fdtadan sa\u00fdlandan so\u0148, h\u00f6k\u00fcmet ba\u015flygy h\u00f6km\u00fcnde kasam kabul etdi. Bu barada Efiopi\u00fdany\u0148 \u201cFana\u201d tele\u00fda\u00fdlymy habar berdi. Kasamdan ozal a\u015faky palatany\u0148 &#8211; Halk wekiller ge\u0148e\u015fini\u0148 wekillerini\u0148 ses beri\u015fligi ge\u00e7irildi. Ahmedi\u0148 \u00fdolba\u015f\u00e7ylygyndaky \u201cBagty\u00fdarlyk\u201d bilele\u015figi 21-nji i\u00fdunda ge\u00e7irilen \u00e4hlumumy sa\u00fdlawlary\u0148 birinji tapgyrynda parlamentde k\u00f6pl\u00fcge e\u00fde bolupdy. Onu\u0148 wekilleri [&hellip;]<\/p>\n","protected":false},"author":2,"featured_media":49177,"comment_status":"open","ping_status":"closed","sticky":false,"template":"","format":"standard","meta":{"footnotes":""},"categories":[5],"tags":[],"acf":[],"_links":{"self":[{"href":"https:\/\/zamanturkmenistan.com.tm\/index.php?rest_route=\/wp\/v2\/posts\/49176"}],"collection":[{"href":"https:\/\/zamanturkmenistan.com.tm\/index.php?rest_route=\/wp\/v2\/posts"}],"about":[{"href":"https:\/\/zamanturkmenistan.com.tm\/index.php?rest_route=\/wp\/v2\/types\/post"}],"author":[{"embeddable":true,"href":"https:\/\/zamanturkmenistan.com.tm\/index.php?rest_route=\/wp\/v2\/users\/2"}],"replies":[{"embeddable":true,"href":"https:\/\/zamanturkmenistan.com.tm\/index.php?rest_route=%2Fwp%2Fv2%2Fcomments&post=49176"}],"version-history":[{"count":0,"href":"https:\/\/zamanturkmenistan.com.tm\/index.php?rest_route=\/wp\/v2\/posts\/49176\/revisions"}],"wp:featuredmedia":[{"embeddable":true,"href":"https:\/\/zamanturkmenistan.com.tm\/index.php?rest_route=\/wp\/v2\/media\/49177"}],"wp:attachment":[{"href":"https:\/\/zamanturkmenistan.com.tm\/index.php?rest_route=%2Fwp%2Fv2%2Fmedia&parent=49176"}],"wp:term":[{"taxonomy":"category","embeddable":true,"href":"https:\/\/zamanturkmenistan.com.tm\/index.php?rest_route=%2Fwp%2Fv2%2Fcategories&post=49176"},{"taxonomy":"post_tag","embeddable":true,"href":"https:\/\/zamanturkmenistan.com.tm\/index.php?rest_route=%2Fwp%2Fv2%2Ftags&post=49176"}],"curies":[{"name":"wp","href":"https:\/\/api.w.org\/{rel}","templated":true}]}}