{"id":49221,"date":"2021-10-07T20:41:47","date_gmt":"2021-10-07T15:41:47","guid":{"rendered":"https:\/\/zamanturkmenistan.com.tm\/?p=49221"},"modified":"2021-10-07T20:41:47","modified_gmt":"2021-10-07T15:41:47","slug":"stokgolmda-nobel-hepdeligi-gecirilyar-3","status":"publish","type":"post","link":"https:\/\/zamanturkmenistan.com.tm\/?p=49221","title":{"rendered":"Stok\u00adgolm\u00adda No\u00adbel hep\u00adde\u00adli\u00adgi ge\u00ad\u00e7i\u00adril\u00ad\u00fd\u00e4r"},"content":{"rendered":"<p>4-nji okt\u00ad\u00fdabr\u00adda \u015ewe\u00adsi\u00ad\u00fda\u00adny\u0148 pa\u00fd\u00adtag\u00adty Stok\u00adgolm\u00adda no\u00adbat\u00adda\u00adky No\u00adbel hep\u00adde\u00adli\u00adgi ba\u015f\u00adla\u00addy. Onu\u0148 il\u00adkin\u00adji g\u00fc\u00adn\u00fcn\u00adde No\u00adbe\u00adli\u0148 fi\u00adzio\u00adlo\u00adgi\u00ad\u00fda we luk\u00adman\u00ad\u00e7y\u00adlyk bo\u00ad\u00fdun\u00ad\u00e7a ba\u00fd\u00adra\u00adgy\u00adny\u0148 e\u00fde\u00adle\u00adri m\u00e4\u00adlim edil\u00addi. Fi\u00adzio\u00adlo\u00adgi\u00ad\u00fda we luk\u00adman\u00ad\u00e7y\u00adlyk bo\u00ad\u00fdun\u00ad\u00e7a 2021-nji \u00fdy\u00adly\u0148 No\u00adbel ba\u00fd\u00adra\u00adgy ame\u00adri\u00adkan alym\u00adla\u00adry De\u00adwid Ju\u00adliu\u00adsa we Ar\u00addem Pa\u00adta\u00adput\u00ad\u00fda\u00adna tem\u00adpe\u00adra\u00adtu\u00adra\u00adny\u0148 we ba\u00adsy\u00ad\u015fy\u0148 re\u00adsep\u00adtor\u00adla\u00adry\u00adny \u00fd\u00fc\u00adze \u00e7y\u00adka\u00adran\u00addyk\u00adla\u00adry \u00fc\u00e7in be\u00adril\u00addi.<br \/>\n5-nji okt\u00ad\u00fdabr\u00adda fi\u00adzi\u00adka bo\u00ad\u00fdun\u00ad\u00e7a No\u00adbel ba\u00fd\u00adra\u00adgy ger\u00adma\u00adni\u00ad\u00fda\u00adly Klaus Has\u00adsel\u00adma\u00adna, ame\u00adri\u00adka\u00adly Su\u00adku\u00adro Ma\u00adna\u00adbe we ita\u00adli\u00ad\u00fda\u00adly Jor\u00adjo Pa\u00adri\u00adze \u00dde\u00adri\u0148 ho\u00adwa\u00adsy\u00adny fi\u00adzi\u00adki ta\u00fd\u00addan nus\u00adga\u00adlan\u00addyk\u00adla\u00adry, \u00fc\u00fdt\u00adge\u015f\u00adme\u00adle\u00adri muk\u00addar ta\u00fd\u00addan der\u00ad\u0148\u00e4n\u00addik\u00adle\u00adri we glo\u00adbal \u00fdy\u00adly\u00adly\u00adgy yg\u00adty\u00adbar\u00adly \u00e7ak\u00adlan\u00addyk\u00adla\u00adry \u00fc\u00e7in be\u00adril\u00addi.<br \/>\n6-njy okt\u00ad\u00fdabr\u00adda ger\u00adma\u00adni\u00ad\u00fda\u00adly Ben\u00adja\u00admin List we bri\u00adtan-ame\u00adri\u00adkan hi\u00admi\u00adgi De\u00adwid Mak\u00admil\u00adlan mo\u00adle\u00adkul\u00ad\u00fdar konst\u00adru\u00adir\u00adle\u00adme \u2013 or\u00adga\u00adno\u00adka\u00adta\u00adliz \u00fc\u00e7in ta\u00adkyk t\u00e4\u00adze gu\u00adral d\u00f6\u00adre\u00adden\u00adli\u00adgi \u00fc\u00e7in No\u00adbe\u00adli\u0148 hi\u00admi\u00ad\u00fda bo\u00ad\u00fdun\u00ad\u00e7a ba\u00fd\u00adra\u00adgy bi\u00adlen sy\u00adlag\u00adlan\u00addy\u00adlar. Bu far\u00adma\u00adsew\u00adtik bar\u00adlag\u00adla\u00adra uly t\u00e4\u00adsir edip, hi\u00admi\u00ad\u00fda\u00adny eko\u00adlo\u00adgi\u00ad\u00fda ta\u00fd\u00addan aras\u00adsa et\u00addi.<br \/>\n7-nji okt\u00ad\u00fdabr\u00adda \u00abme\u00adde\u00adni\u00ad\u00fdet\u00adle\u00adri\u0148 we yk\u00adlym\u00adla\u00adry\u0148 ara\u00adsyn\u00adda\u00adky ta\u00adpa\u00adwut\u00adda bos\u00adgun\u00adla\u00adry\u0148 yk\u00adba\u00adly ba\u00adra\u00adda re\u00adhim\u00adli d\u00fc\u00ad\u015f\u00fcn\u00adje\u00adsi \u00fc\u00e7in\u201d 2021-nji \u00fdy\u00adly\u0148 ede\u00adbi\u00ad\u00fdat bo\u00ad\u00fdun\u00ad\u00e7a No\u00adbel ba\u00fd\u00adra\u00adgy\u00adna Be\u00ad\u00fdik Bri\u00adta\u00adni\u00ad\u00fda\u00adda \u00fda\u00ad\u015fa\u00ad\u00fdan as\u00adly tan\u00adza\u00adni\u00ad\u00fda\u00adly \u00fda\u00adzy\u00adjy Ab\u00addul\u00adra\u00adzak Gur\u00adna my\u00adna\u00adsyp bol\u00addy.<br \/>\n8-nji okt\u00ad\u00fdabr\u00adda Os\u00adlo\u00adda Pa\u00adra\u00adhat\u00ad\u00e7y\u00adlyk ba\u00fd\u00adra\u00adgy\u00adny\u0148 e\u00fde\u00adsi yg\u00adlan edi\u00adler. 11-nji okt\u00ad\u00fdabr\u00adda bol\u00adsa, 1968-nji \u00fdyl\u00adda \u015ewe\u00adsi\u00ad\u00fda\u00adny\u0148 D\u00f6w\u00adlet ban\u00adky ta\u00adra\u00adpyn\u00addan d\u00f6\u00adre\u00addi\u00adlen Alf\u00adred No\u00adbe\u00adli\u0148 ha\u00adty\u00adra\u00adsy\u00adna yk\u00addy\u00adsa\u00addy\u00ad\u00fdet bo\u00ad\u00fdun\u00ad\u00e7a ba\u00fd\u00adra\u00adgy\u0148 \u00fde\u00ad\u0148i\u00adji\u00adsi kes\u00adgit\u00adle\u00adner.<br \/>\nGo\u00adla\u00fd\u00adda No\u00adbel ba\u00fd\u00adra\u00adgy\u00adny\u0148 gow\u00ad\u015fu\u00adry\u00adly\u015f da\u00adba\u00adra\u00adsy\u00adny\u0148 ko\u00adro\u00adna\u00adwi\u00adrus pan\u00adde\u00admi\u00ad\u00fda\u00adsy se\u00adb\u00e4p\u00adli bu \u00fdyl hem ge\u00ad\u00e7i\u00adril\u00adme\u00adjek\u00addi\u00adgi belli boldy. 10-njy de\u00adkabr\u00adda Alf\u00adred No\u00adbe\u00adli\u0148 ara\u00addan \u00e7y\u00adkan g\u00fc\u00adni &#8211; lau\u00adre\u00adat\u00adlar \u015ewe\u00adsi\u00ad\u00fda ko\u00adro\u00adly\u00adny\u0148 elin\u00adden me\u00addal we dip\u00adlom al\u00ad\u00fdar\u00addy\u00adlar. Em\u00adma ge\u00ad\u00e7en \u00fdyl pan\u00adde\u00admi\u00ad\u00fda se\u00adb\u00e4p\u00adli \u015f\u00e4\u00adher h\u00e4\u00adkim\u00adli\u00adgin\u00adde on\u00adla\u00fdn \u00fda\u00fd\u00adlym ar\u00adka\u00adly ba\u00fd\u00adrak e\u00fde\u00adle\u00adri bi\u00adlen du\u00ad\u015fu\u00ad\u015fyk gu\u00adra\u00admak ka\u00adra\u00adry\u00adna gel\u00adnip, onu\u0148 bar\u00ad\u015fyn\u00adda dip\u00adlom\u00adlar we me\u00addal\u00adlar gow\u00ad\u015fu\u00adryl\u00addy. \u015eu \u00fdy\u00adly\u0148 de\u00adkab\u00adryn\u00adda bu ba\u00fd\u00adra\u00adga my\u00adna\u00adsyp bo\u00adlan\u00adlar \u00f6z \u00fdurt\u00adla\u00adryn\u00adda ba\u00fd\u00adrak\u00adla\u00adry alar\u00adlar. Her ugur bo\u00ad\u00fdun\u00ad\u00e7a No\u00adbel ba\u00fd\u00adra\u00adgy\u00adny\u0148 pul d\u00fc\u00adz\u00fc\u00admi\u00adni\u0148 muk\u00adda\u00adry 10 mil\u00adli\u00adon kron bo\u00adlar. 4-11-nji okt\u00ad\u00fdabr ara\u00adly\u00adgyn\u00adda ba\u00fd\u00adrak e\u00fde\u00adle\u00adri\u00adni\u0148 ady m\u00e4\u00adlim edi\u00adlip, me\u00addal\u00adlar we dip\u00adlom\u00adlar 10-njy de\u00adkabr\u00adda on\u00adla\u00fdn \u00fdag\u00adda\u00fd\u00adda ber\u00adler. No\u00adbel hep\u00adde\u00adli\u00adgi\u00adni\u0148 \u00e7\u00e4\u00adre\u00adle\u00adri &#8211; lek\u00adsi\u00ad\u00fda\u00adlar, kon\u00adsert\u00adler we se\u00admi\u00adnar\u00adlar on\u00adla\u00fdn g\u00f6r\u00adn\u00fc\u015f\u00adde ge\u00ad\u00e7i\u00adri\u00adler.<\/p>\n","protected":false},"excerpt":{"rendered":"<p>4-nji okt\u00ad\u00fdabr\u00adda \u015ewe\u00adsi\u00ad\u00fda\u00adny\u0148 pa\u00fd\u00adtag\u00adty Stok\u00adgolm\u00adda no\u00adbat\u00adda\u00adky No\u00adbel hep\u00adde\u00adli\u00adgi ba\u015f\u00adla\u00addy. Onu\u0148 il\u00adkin\u00adji g\u00fc\u00adn\u00fcn\u00adde No\u00adbe\u00adli\u0148 fi\u00adzio\u00adlo\u00adgi\u00ad\u00fda we luk\u00adman\u00ad\u00e7y\u00adlyk bo\u00ad\u00fdun\u00ad\u00e7a ba\u00fd\u00adra\u00adgy\u00adny\u0148 e\u00fde\u00adle\u00adri m\u00e4\u00adlim edil\u00addi. Fi\u00adzio\u00adlo\u00adgi\u00ad\u00fda we luk\u00adman\u00ad\u00e7y\u00adlyk bo\u00ad\u00fdun\u00ad\u00e7a 2021-nji \u00fdy\u00adly\u0148 No\u00adbel ba\u00fd\u00adra\u00adgy ame\u00adri\u00adkan alym\u00adla\u00adry De\u00adwid Ju\u00adliu\u00adsa we Ar\u00addem Pa\u00adta\u00adput\u00ad\u00fda\u00adna tem\u00adpe\u00adra\u00adtu\u00adra\u00adny\u0148 we ba\u00adsy\u00ad\u015fy\u0148 re\u00adsep\u00adtor\u00adla\u00adry\u00adny \u00fd\u00fc\u00adze \u00e7y\u00adka\u00adran\u00addyk\u00adla\u00adry \u00fc\u00e7in be\u00adril\u00addi. 5-nji okt\u00ad\u00fdabr\u00adda fi\u00adzi\u00adka bo\u00ad\u00fdun\u00ad\u00e7a No\u00adbel ba\u00fd\u00adra\u00adgy ger\u00adma\u00adni\u00ad\u00fda\u00adly Klaus Has\u00adsel\u00adma\u00adna, ame\u00adri\u00adka\u00adly Su\u00adku\u00adro [&hellip;]<\/p>\n","protected":false},"author":2,"featured_media":49222,"comment_status":"open","ping_status":"closed","sticky":false,"template":"","format":"standard","meta":{"footnotes":""},"categories":[5],"tags":[],"acf":[],"_links":{"self":[{"href":"https:\/\/zamanturkmenistan.com.tm\/index.php?rest_route=\/wp\/v2\/posts\/49221"}],"collection":[{"href":"https:\/\/zamanturkmenistan.com.tm\/index.php?rest_route=\/wp\/v2\/posts"}],"about":[{"href":"https:\/\/zamanturkmenistan.com.tm\/index.php?rest_route=\/wp\/v2\/types\/post"}],"author":[{"embeddable":true,"href":"https:\/\/zamanturkmenistan.com.tm\/index.php?rest_route=\/wp\/v2\/users\/2"}],"replies":[{"embeddable":true,"href":"https:\/\/zamanturkmenistan.com.tm\/index.php?rest_route=%2Fwp%2Fv2%2Fcomments&post=49221"}],"version-history":[{"count":0,"href":"https:\/\/zamanturkmenistan.com.tm\/index.php?rest_route=\/wp\/v2\/posts\/49221\/revisions"}],"wp:featuredmedia":[{"embeddable":true,"href":"https:\/\/zamanturkmenistan.com.tm\/index.php?rest_route=\/wp\/v2\/media\/49222"}],"wp:attachment":[{"href":"https:\/\/zamanturkmenistan.com.tm\/index.php?rest_route=%2Fwp%2Fv2%2Fmedia&parent=49221"}],"wp:term":[{"taxonomy":"category","embeddable":true,"href":"https:\/\/zamanturkmenistan.com.tm\/index.php?rest_route=%2Fwp%2Fv2%2Fcategories&post=49221"},{"taxonomy":"post_tag","embeddable":true,"href":"https:\/\/zamanturkmenistan.com.tm\/index.php?rest_route=%2Fwp%2Fv2%2Ftags&post=49221"}],"curies":[{"name":"wp","href":"https:\/\/api.w.org\/{rel}","templated":true}]}}