{"id":49577,"date":"2021-10-14T19:54:35","date_gmt":"2021-10-14T14:54:35","guid":{"rendered":"https:\/\/zamanturkmenistan.com.tm\/?p=49577"},"modified":"2021-10-14T19:56:35","modified_gmt":"2021-10-14T14:56:35","slug":"awiasiya-sammiti-guralar","status":"publish","type":"post","link":"https:\/\/zamanturkmenistan.com.tm\/?p=49577","title":{"rendered":"Awia\u00adsi\u00ad\u00fda sam\u00admi\u00adti gu\u00adra\u00adlar"},"content":{"rendered":"<p>13-17-nji okt\u00ad\u00fdabr ara\u00adly\u00adgyn\u00adda Por\u00adtu\u00adga\u00adli\u00ad\u00fda\u00adny\u0148 Pon\u00adte-de-Sor \u015f\u00e4\u00adhe\u00adri\u00adni\u0148 awia\u00adsi\u00ad\u00fda ho\u00adwa men\u00adzi\u00adli\u00adni\u0148 \u00e7\u00e4k\u00adle\u00adrin\u00adde \u00abT\u00e4\u00adze ba\u015f\u00adlan\u00adgy\u00e7 \u00fc\u00e7in u\u00e7u\u015f\u00bb mow\u00adzu\u00adgy bi\u00adlen b\u00e4\u00ad\u015fin\u00adji awia\u00adsi\u00ad\u00fda sam\u00admi\u00adti ge\u00ad\u00e7i\u00adril\u00ad\u00fd\u00e4r. O\u0148a bir\u00adn\u00e4\u00ad\u00e7e \u00fdurt\u00adla\u00adry\u0148 ho\u00adwa gul\u00adlu\u00adgy eda\u00adra\u00adla\u00adry\u00adny\u0148 h\u00fc\u00adn\u00e4r\u00admen\u00adle\u00adri gat\u00adna\u015f\u00ad\u00fdar. \u00abPor\u00adtu\u00adgal Air Sum\u00admit\u00bb Pi\u00adre\u00adne\u00fd \u00fda\u00adrym ada\u00adsyn\u00adda\u00adky i\u0148 uly awia\u00adsi\u00ad\u00fda mas\u00adla\u00adha\u00adty ha\u00adsap\u00adlan\u00ad\u00fdar.<br \/>\nPon\u00adte-de-Sor \u015f\u00e4\u00adhe\u00adri\u00adni\u0148 h\u00e4\u00adkim\u00adli\u00adgi\u00adni\u0148 ge\u00ad\u0148e\u015f\u00ad\u00e7i\u00adsi Ro\u00adge\u00adrio Al\u00adwe\u00adsi\u0148 s\u00f6z\u00adle\u00adri\u00adne g\u00f6\u00adr\u00e4, \u00abT\u00e4\u00adze ba\u015f\u00adlan\u00adgy\u00e7 \u00fc\u00e7in u\u00e7u\u015f\u00bb mow\u00adzu\u00adgy \u00fd\u00f6\u00adne \u00fder\u00adden sa\u00fd\u00adlan\u00adma\u00addy, se\u00adb\u00e4\u00adbi COVID-19 pan\u00adde\u00admi\u00ad\u00fda\u00adsy d\u00fcn\u00ad\u00fd\u00e4 yk\u00addy\u00adsa\u00addy\u00ad\u00fde\u00adti\u00adne, esa\u00adsan hem, glo\u00adbal de\u00adre\u00adje\u00adde awia\u00adsi\u00ad\u00fda pu\u00adda\u00adgy\u00adna \u00fda\u00adra\u00admaz t\u00e4\u00adsi\u00adri\u00adni \u00fde\u00adtir\u00addi.<br \/>\n\u015eu \u00fdyl Por\u00adtu\u00adga\u00adli\u00ad\u00fda\u00adny\u0148 ho\u00adwa sam\u00admi\u00adti\u00adni\u0148 mas\u00adla\u00adhat\u00adla\u00adry\u00adny on\u00adla\u00fdn g\u00f6r\u00adn\u00fc\u015f\u00adde ge\u00ad\u00e7ir\u00admek me\u00ad\u00fdil\u00adle\u015f\u00addi\u00adril\u00ad\u00fd\u00e4r. Bu\u00adlar\u00addan ba\u015f\u00adga-da, ho\u00adwa me\u00fd\u00adda\u00adny\u00adny\u0148 d\u00fcr\u00adli mow\u00adzuk\u00adla\u00adra ba\u00adgy\u015f\u00adla\u00adnan b\u00f6\u00adl\u00fcm\u00adle\u00adrin\u00adde hem-de ser\u00adgi zal\u00adla\u00adryn\u00adda d\u00fcr\u00adli \u00e7\u00e4\u00adre\u00adler gu\u00adra\u00adlar. Mas\u00adla\u00adhat\u00adda, esa\u00adsan, pu\u00adda\u00adgy\u0148 di\u00adkel\u00addil\u00adme\u00adgi, t\u00e4\u00adze sy\u00ad\u00fda\u00adhat d\u00fcz\u00adg\u00fcn\u00adle\u00adri, awia\u00adkom\u00adpa\u00adni\u00ad\u00fda\u00adny\u0148 u\u00e7u\u015f t\u00f6\u00adleg\u00adle\u00adri\u00adni\u0148 ar\u00adzan\u00adla\u00adma\u00adgy we COVID-19-y\u0148 bar\u00adlag d\u00fcz\u00adg\u00fcn\u00adle\u00adri ara al\u00adnyp mas\u00adla\u00adhat\u00adla\u00ad\u015fy\u00adlar. \u015ee\u00fd\u00adle hem sam\u00admit\u00adde d\u00fcn\u00ad\u00fd\u00e4\u00adde eme\u00adle ge\u00adlen \u00e7yl\u00ad\u015fy\u00adrym\u00adly \u00fdag\u00adda\u00fd\u00adla\u00adry\u0148 awia\u00adkom\u00adpa\u00adni\u00ad\u00fda\u00adla\u00adry\u0148 sar\u00adgyt eden u\u00e7ar\u00adla\u00adry\u00adny\u0148 gur\u00adlu\u00ad\u015fy\u00adgy\u00adna ed\u00ad\u00fd\u00e4n t\u00e4\u00adsi\u00adri ara al\u00adnyp mas\u00adla\u00adhat\u00adla\u00ad\u015fy\u00adlar.<\/p>\n","protected":false},"excerpt":{"rendered":"<p>13-17-nji okt\u00ad\u00fdabr ara\u00adly\u00adgyn\u00adda Por\u00adtu\u00adga\u00adli\u00ad\u00fda\u00adny\u0148 Pon\u00adte-de-Sor \u015f\u00e4\u00adhe\u00adri\u00adni\u0148 awia\u00adsi\u00ad\u00fda ho\u00adwa men\u00adzi\u00adli\u00adni\u0148 \u00e7\u00e4k\u00adle\u00adrin\u00adde \u00abT\u00e4\u00adze ba\u015f\u00adlan\u00adgy\u00e7 \u00fc\u00e7in u\u00e7u\u015f\u00bb mow\u00adzu\u00adgy bi\u00adlen b\u00e4\u00ad\u015fin\u00adji awia\u00adsi\u00ad\u00fda sam\u00admi\u00adti ge\u00ad\u00e7i\u00adril\u00ad\u00fd\u00e4r. O\u0148a bir\u00adn\u00e4\u00ad\u00e7e \u00fdurt\u00adla\u00adry\u0148 ho\u00adwa gul\u00adlu\u00adgy eda\u00adra\u00adla\u00adry\u00adny\u0148 h\u00fc\u00adn\u00e4r\u00admen\u00adle\u00adri gat\u00adna\u015f\u00ad\u00fdar. \u00abPor\u00adtu\u00adgal Air Sum\u00admit\u00bb Pi\u00adre\u00adne\u00fd \u00fda\u00adrym ada\u00adsyn\u00adda\u00adky i\u0148 uly awia\u00adsi\u00ad\u00fda mas\u00adla\u00adha\u00adty ha\u00adsap\u00adlan\u00ad\u00fdar. Pon\u00adte-de-Sor \u015f\u00e4\u00adhe\u00adri\u00adni\u0148 h\u00e4\u00adkim\u00adli\u00adgi\u00adni\u0148 ge\u00ad\u0148e\u015f\u00ad\u00e7i\u00adsi Ro\u00adge\u00adrio Al\u00adwe\u00adsi\u0148 s\u00f6z\u00adle\u00adri\u00adne g\u00f6\u00adr\u00e4, \u00abT\u00e4\u00adze ba\u015f\u00adlan\u00adgy\u00e7 \u00fc\u00e7in u\u00e7u\u015f\u00bb mow\u00adzu\u00adgy \u00fd\u00f6\u00adne \u00fder\u00adden sa\u00fd\u00adlan\u00adma\u00addy, [&hellip;]<\/p>\n","protected":false},"author":2,"featured_media":49581,"comment_status":"open","ping_status":"closed","sticky":false,"template":"","format":"standard","meta":{"footnotes":""},"categories":[5],"tags":[2127,2126],"acf":[],"_links":{"self":[{"href":"https:\/\/zamanturkmenistan.com.tm\/index.php?rest_route=\/wp\/v2\/posts\/49577"}],"collection":[{"href":"https:\/\/zamanturkmenistan.com.tm\/index.php?rest_route=\/wp\/v2\/posts"}],"about":[{"href":"https:\/\/zamanturkmenistan.com.tm\/index.php?rest_route=\/wp\/v2\/types\/post"}],"author":[{"embeddable":true,"href":"https:\/\/zamanturkmenistan.com.tm\/index.php?rest_route=\/wp\/v2\/users\/2"}],"replies":[{"embeddable":true,"href":"https:\/\/zamanturkmenistan.com.tm\/index.php?rest_route=%2Fwp%2Fv2%2Fcomments&post=49577"}],"version-history":[{"count":0,"href":"https:\/\/zamanturkmenistan.com.tm\/index.php?rest_route=\/wp\/v2\/posts\/49577\/revisions"}],"wp:featuredmedia":[{"embeddable":true,"href":"https:\/\/zamanturkmenistan.com.tm\/index.php?rest_route=\/wp\/v2\/media\/49581"}],"wp:attachment":[{"href":"https:\/\/zamanturkmenistan.com.tm\/index.php?rest_route=%2Fwp%2Fv2%2Fmedia&parent=49577"}],"wp:term":[{"taxonomy":"category","embeddable":true,"href":"https:\/\/zamanturkmenistan.com.tm\/index.php?rest_route=%2Fwp%2Fv2%2Fcategories&post=49577"},{"taxonomy":"post_tag","embeddable":true,"href":"https:\/\/zamanturkmenistan.com.tm\/index.php?rest_route=%2Fwp%2Fv2%2Ftags&post=49577"}],"curies":[{"name":"wp","href":"https:\/\/api.w.org\/{rel}","templated":true}]}}