{"id":49580,"date":"2021-10-14T19:56:23","date_gmt":"2021-10-14T14:56:23","guid":{"rendered":"https:\/\/zamanturkmenistan.com.tm\/?p=49580"},"modified":"2021-10-14T20:31:44","modified_gmt":"2021-10-14T15:31:44","slug":"bae-wenera-missiyasyny-yglan-edyar","status":"publish","type":"post","link":"https:\/\/zamanturkmenistan.com.tm\/?p=49580","title":{"rendered":"BAE We\u00adne\u00adra mis\u00adsi\u00ad\u00fda\u00adsy\u00adny yg\u00adlan ed\u00ad\u00fd\u00e4r"},"content":{"rendered":"<p>Bir\u00adle\u00ad\u015fen Arap Emir\u00adlik\u00adle\u00adri \u015fu \u00fdy\u00adly\u0148 ba\u00ad\u015fyn\u00addan b\u00e4\u00adri Mars pla\u00adne\u00adta\u00adsy\u00adny\u0148 t\u00f6\u00adwe\u00adre\u00adgin\u00adde a\u00fd\u00adla\u00adnyp \u00fd\u00f6\u00adren \u00abUmyt\u00bb zon\u00addu\u00adny\u0148 \u00fcs\u00adt\u00fcn\u00adli\u00adgin\u00adden so\u0148, 2028-nji \u00fdyl\u00adda \u00f6z\u00fc\u00adni\u0148 kos\u00admos mis\u00adsi\u00ad\u00fda\u00adsy\u00adny We\u00adne\u00adra pla\u00adne\u00adta\u00adsy\u00adna ug\u00adrat\u00adjak\u00addy\u00adgy\u00adny m\u00e4\u00adlim et\u00addi. \u00abUmyt\u00bb zon\u00addy 2020-nji \u00fdy\u00adly\u0148 19-njy i\u00fdu\u00adlyn\u00adda \u00fda\u00adpon ra\u00adke\u00adta\u00adsy ar\u00adka\u00adly u\u00e7u\u00adry\u00adlyp, 2021-nji \u00fdy\u00adly\u0148 9-njy few\u00adra\u00adlyn\u00adda Mar\u00adsy\u0148 or\u00adbi\u00adta\u00adsy\u00adna \u00fcs\u00adt\u00fcn\u00adlik\u00adli gir\u00addi, bu bol\u00adsa BAE-ni Mar\u00adsy\u0148 da\u00ad\u015fyn\u00addan a\u00fd\u00adla\u00adnan il\u00adkin\u00adji arap d\u00f6w\u00adlet\u00adle\u00adri\u00adni\u0148 bi\u00adri\u00adne \u00f6w\u00fcr\u00addi.<br \/>\nBir\u00adle\u00ad\u015fen Arap Emir\u00adlik\u00adle\u00adri\u00adni\u0148 Wi\u00adse-pre\u00adzi\u00adden\u00adti, Prem\u00ad\u00fder-mi\u00adnistr Du\u00adba\u00fd Emir\u00adli\u00adgi\u00adni\u0148 h\u00e4\u00adki\u00admi Mu\u00adham\u00admed bin Ra\u00ad\u015fid Al Mak\u00adtum h\u00f6\u00add\u00fcr\u00adle\u00adnen k\u00f6p tas\u00adla\u00adma\u00adla\u00adry\u0148 ara\u00adsyn\u00adda bir\u00adn\u00e4\u00ad\u00e7e kos\u00admos mak\u00adsat\u00adna\u00adma\u00adla\u00adry\u00adny\u0148 bar\u00addy\u00adgy\u00adny \u00fdat\u00adlat\u00addy. Ol kos\u00admos g\u00e4\u00admi\u00adsi\u00adni\u0148 gur\u00adlu\u00ad\u015fy\u00adgy\u00adna \u00fde\u00addi \u00fdyl ge\u00adrek bo\u00adljak\u00addy\u00adgy\u00adny, 2028-nji \u00fdyl\u00adda b\u00e4\u015f \u00fdyl\u00adlyk sy\u00ad\u00fda\u00adha\u00adta ga\u00adra\u00ad\u015fyl\u00ad\u00fdan\u00addy\u00adgy\u00adny bel\u00adle\u00addi.<br \/>\n\u2013 Eger-de bu ba\u00ad\u015fa bar\u00adsa, 3,6 mil\u00adliard ki\u00adlo\u00admetr sy\u00ad\u00fda\u00adhat\u00addan so\u0148 as\u00adte\u00adroi\u00adde il\u00adkin\u00adji go\u00adnu\u015f bo\u00adlar \u2013 di\u00fd\u00addi. 9,8 mil\u00adli\u00adon ila\u00adtly, ne\u00adbit gor\u00adla\u00adry\u00adna ba\u00fd bo\u00adlan Emir\u00adlik\u00adler kos\u00admo\u00adsy \u00f6z\u00adle\u015f\u00addir\u00adme\u00adgi\u0148 yk\u00addy\u00adsa\u00addy\u00ad\u00fde\u00adti \u00f6s\u00add\u00fcr\u00adme\u00adgi\u0148 bir usu\u00adly\u00addy\u00adgy\u00adny \u00f6\u0148e s\u00fcr\u00ad\u00fd\u00e4r.<\/p>\n","protected":false},"excerpt":{"rendered":"<p>Bir\u00adle\u00ad\u015fen Arap Emir\u00adlik\u00adle\u00adri \u015fu \u00fdy\u00adly\u0148 ba\u00ad\u015fyn\u00addan b\u00e4\u00adri Mars pla\u00adne\u00adta\u00adsy\u00adny\u0148 t\u00f6\u00adwe\u00adre\u00adgin\u00adde a\u00fd\u00adla\u00adnyp \u00fd\u00f6\u00adren \u00abUmyt\u00bb zon\u00addu\u00adny\u0148 \u00fcs\u00adt\u00fcn\u00adli\u00adgin\u00adden so\u0148, 2028-nji \u00fdyl\u00adda \u00f6z\u00fc\u00adni\u0148 kos\u00admos mis\u00adsi\u00ad\u00fda\u00adsy\u00adny We\u00adne\u00adra pla\u00adne\u00adta\u00adsy\u00adna ug\u00adrat\u00adjak\u00addy\u00adgy\u00adny m\u00e4\u00adlim et\u00addi. \u00abUmyt\u00bb zon\u00addy 2020-nji \u00fdy\u00adly\u0148 19-njy i\u00fdu\u00adlyn\u00adda \u00fda\u00adpon ra\u00adke\u00adta\u00adsy ar\u00adka\u00adly u\u00e7u\u00adry\u00adlyp, 2021-nji \u00fdy\u00adly\u0148 9-njy few\u00adra\u00adlyn\u00adda Mar\u00adsy\u0148 or\u00adbi\u00adta\u00adsy\u00adna \u00fcs\u00adt\u00fcn\u00adlik\u00adli gir\u00addi, bu bol\u00adsa BAE-ni Mar\u00adsy\u0148 da\u00ad\u015fyn\u00addan a\u00fd\u00adla\u00adnan il\u00adkin\u00adji arap d\u00f6w\u00adlet\u00adle\u00adri\u00adni\u0148 bi\u00adri\u00adne \u00f6w\u00fcr\u00addi. [&hellip;]<\/p>\n","protected":false},"author":2,"featured_media":49583,"comment_status":"open","ping_status":"closed","sticky":false,"template":"","format":"standard","meta":{"footnotes":""},"categories":[5],"tags":[2128],"acf":[],"_links":{"self":[{"href":"https:\/\/zamanturkmenistan.com.tm\/index.php?rest_route=\/wp\/v2\/posts\/49580"}],"collection":[{"href":"https:\/\/zamanturkmenistan.com.tm\/index.php?rest_route=\/wp\/v2\/posts"}],"about":[{"href":"https:\/\/zamanturkmenistan.com.tm\/index.php?rest_route=\/wp\/v2\/types\/post"}],"author":[{"embeddable":true,"href":"https:\/\/zamanturkmenistan.com.tm\/index.php?rest_route=\/wp\/v2\/users\/2"}],"replies":[{"embeddable":true,"href":"https:\/\/zamanturkmenistan.com.tm\/index.php?rest_route=%2Fwp%2Fv2%2Fcomments&post=49580"}],"version-history":[{"count":0,"href":"https:\/\/zamanturkmenistan.com.tm\/index.php?rest_route=\/wp\/v2\/posts\/49580\/revisions"}],"wp:featuredmedia":[{"embeddable":true,"href":"https:\/\/zamanturkmenistan.com.tm\/index.php?rest_route=\/wp\/v2\/media\/49583"}],"wp:attachment":[{"href":"https:\/\/zamanturkmenistan.com.tm\/index.php?rest_route=%2Fwp%2Fv2%2Fmedia&parent=49580"}],"wp:term":[{"taxonomy":"category","embeddable":true,"href":"https:\/\/zamanturkmenistan.com.tm\/index.php?rest_route=%2Fwp%2Fv2%2Fcategories&post=49580"},{"taxonomy":"post_tag","embeddable":true,"href":"https:\/\/zamanturkmenistan.com.tm\/index.php?rest_route=%2Fwp%2Fv2%2Ftags&post=49580"}],"curies":[{"name":"wp","href":"https:\/\/api.w.org\/{rel}","templated":true}]}}