{"id":4962,"date":"2016-12-17T05:56:31","date_gmt":"2016-12-17T05:56:31","guid":{"rendered":"http:\/\/zamanturkmenistan.com\/?p=4962"},"modified":"2016-12-17T05:56:31","modified_gmt":"2016-12-17T05:56:31","slug":"ka%c2%adsam-ka%c2%adbul-et%c2%addi","status":"publish","type":"post","link":"https:\/\/zamanturkmenistan.com.tm\/?p=4962","title":{"rendered":"Ka\u00adsam ka\u00adbul et\u00addi"},"content":{"rendered":"<p>T\u00e4\u00adze Ze\u00adlan\u00addi\u00ad\u00fda\u00adny\u0148 sa\u00fd\u00adla\u00adnan Prem\u00ad\u00fder-mi\u00adnist\u00adri Bill Ing\u00adli\u015f ka\u00adsam ka\u00adbul edip, t\u00e4\u00adze we\u00adzi\u00adpe\u00adsi\u00adne gi\u00adri\u015f\u00addi. \u00ddur\u00addu\u0148 ozal\u00adky h\u00f6\u00adk\u00fc\u00admet ba\u015f\u00adly\u00adgy Jon Ke\u00fd we\u00adzi\u00adpe\u00adsi\u00adni me\u00fd\u00adle\u00adtin tab\u00ad\u015fy\u00adranyn\u00addan so\u0148\u00adra, onu\u0148 orun\u00adba\u00adsa\u00adry Bill Ing\u00adli\u015f mil\u00adli par\u00adti\u00ad\u00fda\u00adny\u0148 mej\u00adli\u00adsin\u00adde h\u00f6\u00adk\u00fc\u00admet ba\u015f\u00adly\u00adklygyna sa\u00fd\u00adlan\u00addy. Onu\u0148 orun\u00adba\u00adsar\u00adly\u00adgy\u00adna bol\u00adsa, d\u00f6w\u00adlet i\u015f\u00adle\u00adri bo\u00ad\u00fdun\u00ad\u00e7a mi\u00adnistr Pau\u00adla Ben\u00adnet bel\u00adlen\u00addi.<br \/>\nMil\u00adli par\u00adti\u00ad\u00fda\u00adny\u0148 ba\u015f\u00adly\u00adgy Pi\u00adter Gud\u00adfel\u00adlou t\u00e4\u00adze sa\u00fd\u00adla\u00adnan h\u00f6\u00adk\u00fc\u00admet ba\u015f\u00adly\u00adgy\u00adny\u0148 hem-de onu\u0148 orun\u00adba\u00adsa\u00adry\u00adny\u0148 mun\u00addan be\u00fd\u00adl\u00e4k-de \u00fdur\u00addu\u0148 \u00f6s\u00fc\u00ad\u015fi\u00adne \u00f6z sal\u00addam\u00adly go\u00ad\u015fantlary\u00adny go\u015f\u00adjak\u00addyk\u00adla\u00adry\u00adny m\u00e4\u00adlim et\u00addi.<br \/>\n\u00ddur\u00addu\u0148 ila\u00adty\u00adny\u0148 ara\u00adsyn\u00adda uly me\u015f\u00adhur\u00adlyk\u00addan pe\u00fd\u00adda\u00adla\u00adnan ozal\u00adky Prem\u00ad\u00fder-mi\u00adnistr Jon Ke\u00fd ga\u00adra\u00ad\u015fyl\u00adma\u00addyk \u00fdag\u00adda\u00fd\u00adda we\u00adzi\u00adpe\u00adsin\u00adden git\u00addi.<\/p>\n","protected":false},"excerpt":{"rendered":"<p>T\u00e4\u00adze Ze\u00adlan\u00addi\u00ad\u00fda\u00adny\u0148 sa\u00fd\u00adla\u00adnan Prem\u00ad\u00fder-mi\u00adnist\u00adri Bill Ing\u00adli\u015f ka\u00adsam ka\u00adbul edip, t\u00e4\u00adze we\u00adzi\u00adpe\u00adsi\u00adne gi\u00adri\u015f\u00addi. \u00ddur\u00addu\u0148 ozal\u00adky h\u00f6\u00adk\u00fc\u00admet ba\u015f\u00adly\u00adgy Jon Ke\u00fd we\u00adzi\u00adpe\u00adsi\u00adni me\u00fd\u00adle\u00adtin tab\u00ad\u015fy\u00adranyn\u00addan so\u0148\u00adra, onu\u0148 orun\u00adba\u00adsa\u00adry Bill Ing\u00adli\u015f mil\u00adli par\u00adti\u00ad\u00fda\u00adny\u0148 mej\u00adli\u00adsin\u00adde h\u00f6\u00adk\u00fc\u00admet ba\u015f\u00adly\u00adklygyna sa\u00fd\u00adlan\u00addy. Onu\u0148 orun\u00adba\u00adsar\u00adly\u00adgy\u00adna bol\u00adsa, d\u00f6w\u00adlet i\u015f\u00adle\u00adri bo\u00ad\u00fdun\u00ad\u00e7a mi\u00adnistr Pau\u00adla Ben\u00adnet bel\u00adlen\u00addi. Mil\u00adli par\u00adti\u00ad\u00fda\u00adny\u0148 ba\u015f\u00adly\u00adgy Pi\u00adter Gud\u00adfel\u00adlou t\u00e4\u00adze sa\u00fd\u00adla\u00adnan h\u00f6\u00adk\u00fc\u00admet ba\u015f\u00adly\u00adgy\u00adny\u0148 hem-de onu\u0148 orun\u00adba\u00adsa\u00adry\u00adny\u0148 mun\u00addan [&hellip;]<\/p>\n","protected":false},"author":1,"featured_media":4963,"comment_status":"open","ping_status":"closed","sticky":false,"template":"","format":"standard","meta":{"footnotes":""},"categories":[5],"tags":[],"acf":[],"_links":{"self":[{"href":"https:\/\/zamanturkmenistan.com.tm\/index.php?rest_route=\/wp\/v2\/posts\/4962"}],"collection":[{"href":"https:\/\/zamanturkmenistan.com.tm\/index.php?rest_route=\/wp\/v2\/posts"}],"about":[{"href":"https:\/\/zamanturkmenistan.com.tm\/index.php?rest_route=\/wp\/v2\/types\/post"}],"author":[{"embeddable":true,"href":"https:\/\/zamanturkmenistan.com.tm\/index.php?rest_route=\/wp\/v2\/users\/1"}],"replies":[{"embeddable":true,"href":"https:\/\/zamanturkmenistan.com.tm\/index.php?rest_route=%2Fwp%2Fv2%2Fcomments&post=4962"}],"version-history":[{"count":0,"href":"https:\/\/zamanturkmenistan.com.tm\/index.php?rest_route=\/wp\/v2\/posts\/4962\/revisions"}],"wp:featuredmedia":[{"embeddable":true,"href":"https:\/\/zamanturkmenistan.com.tm\/index.php?rest_route=\/wp\/v2\/media\/4963"}],"wp:attachment":[{"href":"https:\/\/zamanturkmenistan.com.tm\/index.php?rest_route=%2Fwp%2Fv2%2Fmedia&parent=4962"}],"wp:term":[{"taxonomy":"category","embeddable":true,"href":"https:\/\/zamanturkmenistan.com.tm\/index.php?rest_route=%2Fwp%2Fv2%2Fcategories&post=4962"},{"taxonomy":"post_tag","embeddable":true,"href":"https:\/\/zamanturkmenistan.com.tm\/index.php?rest_route=%2Fwp%2Fv2%2Ftags&post=4962"}],"curies":[{"name":"wp","href":"https:\/\/api.w.org\/{rel}","templated":true}]}}