{"id":4971,"date":"2016-12-17T06:05:20","date_gmt":"2016-12-17T06:05:20","guid":{"rendered":"http:\/\/zamanturkmenistan.com\/?p=4971"},"modified":"2016-12-17T08:58:50","modified_gmt":"2016-12-17T08:58:50","slug":"yew%c2%adro%c2%adpa-bi%c2%adle%c2%adle%c2%adsi%c2%adgi-bi%c2%adlen-ku%c2%adba-gat%c2%adna%c2%adsyk%c2%adla%c2%adry%c2%adny-is%c2%adjen%c2%adles%c2%addir%c2%adyar","status":"publish","type":"post","link":"https:\/\/zamanturkmenistan.com.tm\/?p=4971","title":{"rendered":"\u00ddew\u00adro\u00adpa Bi\u00adle\u00adle\u00ad\u015fi\u00adgi bi\u00adlen Ku\u00adba gat\u00adna\u00ad\u015fyk\u00adla\u00adry\u00adny i\u015f\u00adje\u0148\u00adle\u015f\u00addir\u00ad\u00fd\u00e4r"},"content":{"rendered":"<p>Ku\u00adba\u00adny\u0148 da\u00ad\u015fa\u00adry i\u015f\u00adler mi\u00adnist\u00adri Bru\u00adno Rod\u00adri\u00adges Pa\u00adril\u00ad\u00fda, \u00ddew\u00adro\u00adpa Bi\u00adle\u00adle\u00ad\u015fi\u00adgi\u00adni\u0148 we\u00adki\u00adli Fe\u00adde\u00adri\u00adka Mo\u00adge\u00adri\u00adni hem-de gu\u00adra\u00adma\u00adny\u0148 d\u00fc\u00adz\u00fc\u00admin\u00add\u00e4\u00adki 28 \u00fdur\u00addu\u0148 we\u00adkil\u00adle\u00adri Ku\u00adba bi\u00adlen \u00ddew\u00adro\u00adpa Bi\u00adle\u00adle\u00ad\u015fi\u00adgi\u00adni\u0148 ara\u00adsyn\u00adda\u00adky gat\u00adna\u00ad\u015fyk\u00adla\u00adry i\u015f\u00adje\u0148\u00adle\u015f\u00addir\u00admek ha\u00adkyn\u00adda\u00adky yla\u00adla\u00ad\u015fy\u00adga gol \u00e7ek\u00addi.<br \/>\nRod\u00adri\u00adges Pa\u00adril\u00ad\u00fda\u00adny\u0148 bel\u00adle\u00adme\u00adgi\u00adne g\u00f6\u00adr\u00e4, bu yla\u00adla\u00ad\u015fy\u00adga \u00f6za\u00adra ynam bil\u00addir\u00admek\u00ad esa\u00adsyn\u00adda k\u00e4\u00adbir d\u00fc\u00ad\u015f\u00fc\u00adni\u015f\u00admez\u00adlik\u00adle\u00adri\u0148 \u00f6\u0148\u00fc\u00adni alyp bol\u00adjak\u00addy\u00adgy a\u00fd\u00addyl\u00ad\u00fdar.<br \/>\n\u015eu wag\u00adta \u00e7en\u00adli La\u00adtyn Ame\u00adri\u00adka\u00adsy se\u00adbi\u00adtin\u00adde Ku\u00adba \u00ddew\u00adro\u00adpa Bi\u00adle\u00adle\u00ad\u015fi\u00adgi bi\u00adlen s\u00f6w\u00adda, adam hu\u00adkuk\u00adla\u00adry we mig\u00adra\u00adsi\u00ad\u00fda ba\u00adbat\u00adda hyz\u00admat\u00adda\u015f\u00adlyk et\u00admek ha\u00adkyn\u00adda yla\u00adla\u00ad\u015fy\u00adga gol \u00e7e\u00adki\u015f\u00adm\u00e4n\u00addi. 1996-njy \u00fdyl\u00adda Ku\u00adba bi\u00adlen \u00ddB-ni\u0148 ara\u00adsyn\u00adda\u00adky gat\u00adna\u00ad\u015fyk\u00adlar i\u015f\u00adje\u0148\u00adle\u015f\u00addir\u00admek g\u00f6z \u00f6\u0148\u00fcn\u00adde tu\u00adtu\u00adlyp\u00addy.<\/p>\n","protected":false},"excerpt":{"rendered":"<p>Ku\u00adba\u00adny\u0148 da\u00ad\u015fa\u00adry i\u015f\u00adler mi\u00adnist\u00adri Bru\u00adno Rod\u00adri\u00adges Pa\u00adril\u00ad\u00fda, \u00ddew\u00adro\u00adpa Bi\u00adle\u00adle\u00ad\u015fi\u00adgi\u00adni\u0148 we\u00adki\u00adli Fe\u00adde\u00adri\u00adka Mo\u00adge\u00adri\u00adni hem-de gu\u00adra\u00adma\u00adny\u0148 d\u00fc\u00adz\u00fc\u00admin\u00add\u00e4\u00adki 28 \u00fdur\u00addu\u0148 we\u00adkil\u00adle\u00adri Ku\u00adba bi\u00adlen \u00ddew\u00adro\u00adpa Bi\u00adle\u00adle\u00ad\u015fi\u00adgi\u00adni\u0148 ara\u00adsyn\u00adda\u00adky gat\u00adna\u00ad\u015fyk\u00adla\u00adry i\u015f\u00adje\u0148\u00adle\u015f\u00addir\u00admek ha\u00adkyn\u00adda\u00adky yla\u00adla\u00ad\u015fy\u00adga gol \u00e7ek\u00addi. Rod\u00adri\u00adges Pa\u00adril\u00ad\u00fda\u00adny\u0148 bel\u00adle\u00adme\u00adgi\u00adne g\u00f6\u00adr\u00e4, bu yla\u00adla\u00ad\u015fy\u00adga \u00f6za\u00adra ynam bil\u00addir\u00admek\u00ad esa\u00adsyn\u00adda k\u00e4\u00adbir d\u00fc\u00ad\u015f\u00fc\u00adni\u015f\u00admez\u00adlik\u00adle\u00adri\u0148 \u00f6\u0148\u00fc\u00adni alyp bol\u00adjak\u00addy\u00adgy a\u00fd\u00addyl\u00ad\u00fdar. \u015eu wag\u00adta \u00e7en\u00adli La\u00adtyn Ame\u00adri\u00adka\u00adsy se\u00adbi\u00adtin\u00adde Ku\u00adba \u00ddew\u00adro\u00adpa Bi\u00adle\u00adle\u00ad\u015fi\u00adgi bi\u00adlen [&hellip;]<\/p>\n","protected":false},"author":1,"featured_media":5011,"comment_status":"open","ping_status":"closed","sticky":false,"template":"","format":"standard","meta":{"footnotes":""},"categories":[5],"tags":[],"acf":[],"_links":{"self":[{"href":"https:\/\/zamanturkmenistan.com.tm\/index.php?rest_route=\/wp\/v2\/posts\/4971"}],"collection":[{"href":"https:\/\/zamanturkmenistan.com.tm\/index.php?rest_route=\/wp\/v2\/posts"}],"about":[{"href":"https:\/\/zamanturkmenistan.com.tm\/index.php?rest_route=\/wp\/v2\/types\/post"}],"author":[{"embeddable":true,"href":"https:\/\/zamanturkmenistan.com.tm\/index.php?rest_route=\/wp\/v2\/users\/1"}],"replies":[{"embeddable":true,"href":"https:\/\/zamanturkmenistan.com.tm\/index.php?rest_route=%2Fwp%2Fv2%2Fcomments&post=4971"}],"version-history":[{"count":0,"href":"https:\/\/zamanturkmenistan.com.tm\/index.php?rest_route=\/wp\/v2\/posts\/4971\/revisions"}],"wp:featuredmedia":[{"embeddable":true,"href":"https:\/\/zamanturkmenistan.com.tm\/index.php?rest_route=\/wp\/v2\/media\/5011"}],"wp:attachment":[{"href":"https:\/\/zamanturkmenistan.com.tm\/index.php?rest_route=%2Fwp%2Fv2%2Fmedia&parent=4971"}],"wp:term":[{"taxonomy":"category","embeddable":true,"href":"https:\/\/zamanturkmenistan.com.tm\/index.php?rest_route=%2Fwp%2Fv2%2Fcategories&post=4971"},{"taxonomy":"post_tag","embeddable":true,"href":"https:\/\/zamanturkmenistan.com.tm\/index.php?rest_route=%2Fwp%2Fv2%2Ftags&post=4971"}],"curies":[{"name":"wp","href":"https:\/\/api.w.org\/{rel}","templated":true}]}}