{"id":49806,"date":"2021-10-20T14:51:40","date_gmt":"2021-10-20T09:51:40","guid":{"rendered":"https:\/\/zamanturkmenistan.com.tm\/?p=49806"},"modified":"2021-10-20T14:51:40","modified_gmt":"2021-10-20T09:51:40","slug":"orban-we-wucic-serbiyadan-yb-e-cenli-demir-yolun-duybuni-tutdy","status":"publish","type":"post","link":"https:\/\/zamanturkmenistan.com.tm\/?p=49806","title":{"rendered":"Orban we Wu\u00e7i\u00e7 Serbi\u00fdadan \u00ddB-e \u00e7enli demir \u00fdolu\u0148 d\u00fc\u00fdb\u00fcni tutdy"},"content":{"rendered":"<p>Serbi\u00fdany\u0148 Prezidenti Aleksandar Wu\u00e7i\u00e7 we Wengri\u00fdany\u0148 Prem\u00fder-ministri Wiktor Orban Serbi\u00fdany\u0148 \u00ddewropa Bilele\u015figine agza bolmagyny\u0148 uzaga \u00e7eken d\u00f6wr\u00fcnde iki \u00fdurdu\u0148 \u00fdakynla\u015f\u00fdandygyny habar berdiler. \u015ee\u00fdle \u00e7yky\u015flar Belgrad bilen Budape\u015fti birle\u015fdir\u00fd\u00e4n demir\u00fdolu\u0148 gi\u0148 gerimli durkuny\u0148 t\u00e4zelenmegini\u0148 \u00e7\u00e4ginde t\u00e4ze ugru\u0148 \u00fdola go\u00fdulmagy bilen baglany\u015fykly dabarada m\u00e4lim edildi. \u00ddokary tizlikli demir \u00fdol ulaglaryny\u0148 \u00fdakyn \u00fdyllarda bu ugur bo\u00fdun\u00e7a hereket edip biljekdigi \u00e7ak edil\u00fd\u00e4r.<\/p>\n<p>Aleksandr Wu\u00e7i\u00e7 bu taslamany simwolik h\u00e4si\u00fdete e\u00fdedigini bell\u00e4p:<\/p>\n<p>-Uzynlygy 27 kilometre barabar bolan demir\u00fdolu\u0148 bu b\u00f6legini\u0148 durkuny\u0148 t\u00e4zelenmegi Subotisadan Sege\u017ee adamlary\u0148 we harytlary\u0148 da\u015falmagyny has-da gowulandyrar, ykdysady, medeni, \u015fahsy gatna\u015fyklary g\u00fc\u00fd\u00e7lendirer we serbler bilen wengerleri\u0148, Serbi\u00fda bilen Wengri\u00fdany\u0148 arasyndaky dostlugy berkider.<\/p>\n<p>Wiktor Orban hem \u00f6z gezeginde, iki \u00fdurdu\u0148 \u015eengen zolagyny\u0148 serhedine b\u00f6l\u00fcn\u00fd\u00e4nligi bilen baglany\u015fykly durup ge\u00e7ip, \u015fe\u00fdle di\u00fddi:<\/p>\n<p>-\u00ddewropa Bilele\u015figini\u0148 ara\u00e7\u00e4gini\u0148 \u00fdakyn \u00fdyllarda g\u00fcnorta tarap s\u00fc\u00fd\u015fjekdigine, pasport g\u00f6zeg\u00e7iligi bolmazdan serbleri\u0148 Wengri\u00fda we \u00ddewropa sy\u00fdahat edip biljekdigine ynana\u00fdaryn \u2013 di\u00fddi.<\/p>\n<p>2012-nji \u00fdylda Serbi\u00fda \u00ddewropa Bilele\u015figine agza bolmak \u00fc\u00e7in dala\u015fg\u00e4r derejesini aldy. Sent\u00fdabr a\u00fdynda Wu\u00e7i\u00e7 Belgrady\u0148 indi \u00ddewropany\u0148 integrasi\u00fda prosesine \u00f6\u0148k\u00fcsi \u00fdaly gyzyklanma\u00fdandygyny a\u00fdtdy.<\/p>\n","protected":false},"excerpt":{"rendered":"<p>Serbi\u00fdany\u0148 Prezidenti Aleksandar Wu\u00e7i\u00e7 we Wengri\u00fdany\u0148 Prem\u00fder-ministri Wiktor Orban Serbi\u00fdany\u0148 \u00ddewropa Bilele\u015figine agza bolmagyny\u0148 uzaga \u00e7eken d\u00f6wr\u00fcnde iki \u00fdurdu\u0148 \u00fdakynla\u015f\u00fdandygyny habar berdiler. \u015ee\u00fdle \u00e7yky\u015flar Belgrad bilen Budape\u015fti birle\u015fdir\u00fd\u00e4n demir\u00fdolu\u0148 gi\u0148 gerimli durkuny\u0148 t\u00e4zelenmegini\u0148 \u00e7\u00e4ginde t\u00e4ze ugru\u0148 \u00fdola go\u00fdulmagy bilen baglany\u015fykly dabarada m\u00e4lim edildi. \u00ddokary tizlikli demir \u00fdol ulaglaryny\u0148 \u00fdakyn \u00fdyllarda bu ugur bo\u00fdun\u00e7a hereket edip [&hellip;]<\/p>\n","protected":false},"author":2,"featured_media":49811,"comment_status":"open","ping_status":"closed","sticky":false,"template":"","format":"standard","meta":{"footnotes":""},"categories":[5],"tags":[],"acf":[],"_links":{"self":[{"href":"https:\/\/zamanturkmenistan.com.tm\/index.php?rest_route=\/wp\/v2\/posts\/49806"}],"collection":[{"href":"https:\/\/zamanturkmenistan.com.tm\/index.php?rest_route=\/wp\/v2\/posts"}],"about":[{"href":"https:\/\/zamanturkmenistan.com.tm\/index.php?rest_route=\/wp\/v2\/types\/post"}],"author":[{"embeddable":true,"href":"https:\/\/zamanturkmenistan.com.tm\/index.php?rest_route=\/wp\/v2\/users\/2"}],"replies":[{"embeddable":true,"href":"https:\/\/zamanturkmenistan.com.tm\/index.php?rest_route=%2Fwp%2Fv2%2Fcomments&post=49806"}],"version-history":[{"count":0,"href":"https:\/\/zamanturkmenistan.com.tm\/index.php?rest_route=\/wp\/v2\/posts\/49806\/revisions"}],"wp:featuredmedia":[{"embeddable":true,"href":"https:\/\/zamanturkmenistan.com.tm\/index.php?rest_route=\/wp\/v2\/media\/49811"}],"wp:attachment":[{"href":"https:\/\/zamanturkmenistan.com.tm\/index.php?rest_route=%2Fwp%2Fv2%2Fmedia&parent=49806"}],"wp:term":[{"taxonomy":"category","embeddable":true,"href":"https:\/\/zamanturkmenistan.com.tm\/index.php?rest_route=%2Fwp%2Fv2%2Fcategories&post=49806"},{"taxonomy":"post_tag","embeddable":true,"href":"https:\/\/zamanturkmenistan.com.tm\/index.php?rest_route=%2Fwp%2Fv2%2Ftags&post=49806"}],"curies":[{"name":"wp","href":"https:\/\/api.w.org\/{rel}","templated":true}]}}