{"id":50272,"date":"2021-10-28T18:41:46","date_gmt":"2021-10-28T13:41:46","guid":{"rendered":"https:\/\/zamanturkmenistan.com.tm\/?p=50272"},"modified":"2021-10-29T10:48:01","modified_gmt":"2021-10-29T05:48:01","slug":"sebit-merkezlerini-acdylar","status":"publish","type":"post","link":"https:\/\/zamanturkmenistan.com.tm\/?p=50272","title":{"rendered":"Se\u00adbit mer\u00adkez\u00adle\u00adri\u00adni a\u00e7\u00addy\u00adlar"},"content":{"rendered":"<p>Sa\u00adud Ara\u00adbys\u00adta\u00adny\u00adny\u0148 pa\u00fd\u00adtag\u00adty Er-Ri\u00ad\u00fdad\u00adda ge\u00ad\u00e7i\u00adri\u00adlen \u00abGel\u00adjek ma\u00ad\u00fda go\u00ad\u00fdum ba\u015f\u00adlan\u00adgy\u00adjy\u00bb hal\u00adka\u00adra mas\u00adla\u00adha\u00adtyn\u00adda d\u00fcn\u00ad\u00fd\u00e4\u00adni\u0148 iri kom\u00adpa\u00adni\u00ad\u00fda\u00adla\u00adry\u00adny\u0148 se\u00adbit mer\u00adkez\u00adle\u00adri\u00adni Er-Ri\u00ad\u00fdad\u00adda a\u00e7an\u00addy\u00adgy m\u00e4\u00adlim edil\u00addi. Ola\u00adry\u0148 ara\u00adsyn\u00adda \u00abPep\u00adsiCo\u00bb, \u00abPricewa\u00adter\u00adhou\u00adseCoo\u00adpers\u00bb, \u00abDe\u00adlo\u00adit\u00adte\u00bb, \u00abUni\u00adlever\u00bb, \u00abSam\u00adsung\u00bb, \u00abSie\u00admens\u00bb, \u00abHal\u00adli\u00adbur\u00adton\u00bb, \u00abPhi\u00adlips\u00bb we \u00abSchlum\u00adber\u00adger\u00bb \u00fda\u00adly je\u00admi 44 sa\u00adny k\u00f6p\u00admil\u00adlet\u00adli hal\u00adka\u00adra kom\u00adpa\u00adni\u00ad\u00fda bar. Pa\u00adty\u00ad\u015fa\u00adlyk Ge\u00ad\u0148e\u00ad\u015fi\u00adni\u0148 \u00abTwit\u00adter\u00bb ak\u00adka\u00adun\u00addyn\u00adda se\u00adbi\u00adti\u0148 i\u0148 uly yk\u00addy\u00adsa\u00addy \u015f\u00e4\u00adhe\u00adri bo\u00adlan\u00addy\u00adgy \u00fc\u00e7in 44 hal\u00adka\u00adra kom\u00adpa\u00adni\u00ad\u00fda\u00adny\u0148 se\u00adbit mer\u00adke\u00adzi h\u00f6k\u00adm\u00fcn\u00adde Er-Ri\u00ad\u00fda\u00addy sa\u00fd\u00adlan\u00addy\u00adgy m\u00e4\u00adlim edil\u00addi.<\/p>\n<p style=\"text-align: right;\"><strong>A\u00fd\u00adg\u00fcl AN\u00adNA\u00adNE\u00adPE\u00adSO\u00adWA,<\/strong><br \/>\n<strong>Hal\u00adka\u00adra yn\u00adsan\u00adper\u00adwer ylym\u00adla\u00adry we \u00f6s\u00fc\u015f uni\u00adwer\u00adsi\u00adte\u00adti\u00adni\u0148 ta\u00adly\u00adby.<\/strong><\/p>\n","protected":false},"excerpt":{"rendered":"<p>Sa\u00adud Ara\u00adbys\u00adta\u00adny\u00adny\u0148 pa\u00fd\u00adtag\u00adty Er-Ri\u00ad\u00fdad\u00adda ge\u00ad\u00e7i\u00adri\u00adlen \u00abGel\u00adjek ma\u00ad\u00fda go\u00ad\u00fdum ba\u015f\u00adlan\u00adgy\u00adjy\u00bb hal\u00adka\u00adra mas\u00adla\u00adha\u00adtyn\u00adda d\u00fcn\u00ad\u00fd\u00e4\u00adni\u0148 iri kom\u00adpa\u00adni\u00ad\u00fda\u00adla\u00adry\u00adny\u0148 se\u00adbit mer\u00adkez\u00adle\u00adri\u00adni Er-Ri\u00ad\u00fdad\u00adda a\u00e7an\u00addy\u00adgy m\u00e4\u00adlim edil\u00addi. Ola\u00adry\u0148 ara\u00adsyn\u00adda \u00abPep\u00adsiCo\u00bb, \u00abPricewa\u00adter\u00adhou\u00adseCoo\u00adpers\u00bb, \u00abDe\u00adlo\u00adit\u00adte\u00bb, \u00abUni\u00adlever\u00bb, \u00abSam\u00adsung\u00bb, \u00abSie\u00admens\u00bb, \u00abHal\u00adli\u00adbur\u00adton\u00bb, \u00abPhi\u00adlips\u00bb we \u00abSchlum\u00adber\u00adger\u00bb \u00fda\u00adly je\u00admi 44 sa\u00adny k\u00f6p\u00admil\u00adlet\u00adli hal\u00adka\u00adra kom\u00adpa\u00adni\u00ad\u00fda bar. Pa\u00adty\u00ad\u015fa\u00adlyk Ge\u00ad\u0148e\u00ad\u015fi\u00adni\u0148 \u00abTwit\u00adter\u00bb ak\u00adka\u00adun\u00addyn\u00adda se\u00adbi\u00adti\u0148 i\u0148 uly yk\u00addy\u00adsa\u00addy \u015f\u00e4\u00adhe\u00adri bo\u00adlan\u00addy\u00adgy \u00fc\u00e7in 44 hal\u00adka\u00adra kom\u00adpa\u00adni\u00ad\u00fda\u00adny\u0148 se\u00adbit [&hellip;]<\/p>\n","protected":false},"author":1,"featured_media":50274,"comment_status":"open","ping_status":"closed","sticky":false,"template":"","format":"status","meta":{"footnotes":""},"categories":[5],"tags":[],"acf":[],"_links":{"self":[{"href":"https:\/\/zamanturkmenistan.com.tm\/index.php?rest_route=\/wp\/v2\/posts\/50272"}],"collection":[{"href":"https:\/\/zamanturkmenistan.com.tm\/index.php?rest_route=\/wp\/v2\/posts"}],"about":[{"href":"https:\/\/zamanturkmenistan.com.tm\/index.php?rest_route=\/wp\/v2\/types\/post"}],"author":[{"embeddable":true,"href":"https:\/\/zamanturkmenistan.com.tm\/index.php?rest_route=\/wp\/v2\/users\/1"}],"replies":[{"embeddable":true,"href":"https:\/\/zamanturkmenistan.com.tm\/index.php?rest_route=%2Fwp%2Fv2%2Fcomments&post=50272"}],"version-history":[{"count":0,"href":"https:\/\/zamanturkmenistan.com.tm\/index.php?rest_route=\/wp\/v2\/posts\/50272\/revisions"}],"wp:featuredmedia":[{"embeddable":true,"href":"https:\/\/zamanturkmenistan.com.tm\/index.php?rest_route=\/wp\/v2\/media\/50274"}],"wp:attachment":[{"href":"https:\/\/zamanturkmenistan.com.tm\/index.php?rest_route=%2Fwp%2Fv2%2Fmedia&parent=50272"}],"wp:term":[{"taxonomy":"category","embeddable":true,"href":"https:\/\/zamanturkmenistan.com.tm\/index.php?rest_route=%2Fwp%2Fv2%2Fcategories&post=50272"},{"taxonomy":"post_tag","embeddable":true,"href":"https:\/\/zamanturkmenistan.com.tm\/index.php?rest_route=%2Fwp%2Fv2%2Ftags&post=50272"}],"curies":[{"name":"wp","href":"https:\/\/api.w.org\/{rel}","templated":true}]}}