{"id":50407,"date":"2021-10-31T17:39:52","date_gmt":"2021-10-31T12:39:52","guid":{"rendered":"https:\/\/zamanturkmenistan.com.tm\/?p=50407"},"modified":"2021-10-31T17:39:52","modified_gmt":"2021-10-31T12:39:52","slug":"rimde-g20-sammiti-gecirildi","status":"publish","type":"post","link":"https:\/\/zamanturkmenistan.com.tm\/?p=50407","title":{"rendered":"Rimde G20 sammiti ge\u00e7irildi"},"content":{"rendered":"<p>Itali\u00fdany\u0148 pa\u00fdtagty Rimde 30-31-nji okt\u00fdabrda \u00fdurdu\u0148 taryhynda ilkinji gezek G20 \u00fdurtlaryny\u0148 \u00fdolba\u015f\u00e7ylaryny\u0148 du\u015fu\u015fygy ge\u00e7irildi. Maslahata AB\u015e-ny\u0148, Fransi\u00fdany\u0148, Argentinany\u0148, Brazili\u00fdany\u0148 Prezidentleri, Germani\u00fdany\u0148 Kansleri, Ispani\u00fdany\u0148 we Be\u00fdik Britani\u00fdany\u0148 h\u00f6k\u00fcmet ba\u015ftutanlary Ikinji jahan ur\u015fundan b\u00e4ri i\u0148 agyr \u00e7\u00f6kg\u00fcnligi\u00a0 \u00fde\u0148ip ge\u00e7mek \u00fc\u00e7in bir \u00fdere jemlendiler. Meksika da\u015fary i\u015fler ministri wekil\u00e7ilik etdi, Russi\u00fdany\u0148 Prezidenti, HHR-i\u0148 Ba\u015flygy we \u00ddaponi\u00fdany\u0148 Prem\u00fder-ministri wideo konferensi\u00fda arkaly maslahata gatna\u015fdy. Maslahata Niderlandlary\u0148 \u015fa zenany Maksima we \u015fazada Uelski\u00fd \u00c7arlz gatna\u015fdy. Sammiti\u0148 g\u00fcn tertibinde \u00fc\u00e7 esasy ugur &#8211; &#8220;Adamlar&#8221;, &#8220;Planeta&#8221; we &#8220;Abadan\u00e7ylyk&#8221; ara alnyp maslahatla\u015fyldy.<\/p>\n<p><img decoding=\"async\" loading=\"lazy\" class=\"alignnone  wp-image-50409\" src=\"https:\/\/zamanturkmenistan.com.tm\/wp-content\/uploads\/2021\/10\/g20-summit-maxima--300x169.jpg\" alt=\"\" width=\"683\" height=\"385\" srcset=\"https:\/\/zamanturkmenistan.com.tm\/wp-content\/uploads\/2021\/10\/g20-summit-maxima--300x169.jpg 300w, https:\/\/zamanturkmenistan.com.tm\/wp-content\/uploads\/2021\/10\/g20-summit-maxima--768x432.jpg 768w, https:\/\/zamanturkmenistan.com.tm\/wp-content\/uploads\/2021\/10\/g20-summit-maxima--1024x576.jpg 1024w, https:\/\/zamanturkmenistan.com.tm\/wp-content\/uploads\/2021\/10\/g20-summit-maxima--696x392.jpg 696w, https:\/\/zamanturkmenistan.com.tm\/wp-content\/uploads\/2021\/10\/g20-summit-maxima--1068x601.jpg 1068w, https:\/\/zamanturkmenistan.com.tm\/wp-content\/uploads\/2021\/10\/g20-summit-maxima--747x420.jpg 747w, https:\/\/zamanturkmenistan.com.tm\/wp-content\/uploads\/2021\/10\/g20-summit-maxima--1920x1080.jpg 1920w\" sizes=\"(max-width: 683px) 100vw, 683px\" \/><\/p>\n<p>Sammiti\u0148 ba\u015fynda saglyk ulgamy, transmilli korporasi\u00fdalara salgyt salynmagy we da\u015fky gur\u015fawy goralmagy \u00fdaly meseleler ara alnyp maslahatla\u015fyldy. \u015ee\u00fdle-de ykdysady\u00fdeti dikeldi\u015f we pandemi\u00fdany\u0148 netijeleri, sanjym kampani\u00fdasyny\u0148 bar\u015fy sammiti\u0148 esasy mowzuklary boldy. Maslahaty\u0148 dowamynda G20 \u00fdurtlaryny\u0148 h\u00f6k\u00fcmet ba\u015ftutanlary we \u00fdolba\u015f\u00e7ylary salgyt salmagy\u0148 umumy d\u00fczg\u00fcnleri barada ylala\u015fdylar. Rimd\u00e4ki sammite gatna\u015fyjylar, hususan-da, global k\u00e4rhana girdeji salgydyny\u0148 azyndan 15 g\u00f6terimini\u0148 girizilmegini g\u00f6z \u00f6\u0148\u00fcnde tut\u00fdan taslamany makulladylar. Pandemi\u00fda gar\u015fy g\u00f6re\u015f forumy\u0148 \u00fdene bir esasy mowzugy boldy. Sammitde d\u00fcn\u00fd\u00e4ni\u0148 yza galan \u00fdurtlaryna has k\u00f6p sanjym ugratmak barada \u00e7agyry\u015f edildi.<\/p>\n<p>-B\u00fctind\u00fcn\u00fd\u00e4 Saglygy Gora\u00fdy\u015f Guramasyny\u0148 \u015fu \u00fdyly\u0148 ahyryna \u00e7enli d\u00fcn\u00fd\u00e4 ilatyny\u0148 40%-ini sanjym etmek baradaky \u00f6\u0148de go\u00fdan maksadyna \u00fdetm\u00e4ge gola\u00fdla\u00fdar. Indi 2022-nji \u00fdyly\u0148 ortalaryna \u00e7enli 70%-e \u00fdetmek \u00fc\u00e7in elimizden gelenini etmeli \u2013 di\u00fdip, forumy ge\u00e7ir\u00fd\u00e4n \u00fdurdu\u0148 &#8211; Itali\u00fdany\u0148 Prem\u00fder-ministri Mario Dragi a\u00fdtdy.<\/p>\n<p>Hyta\u00fd Halk Respublikasyny\u0148 we Russi\u00fdany\u0148 liderleri Si Szinpin we Wladimir Putin wideo baglany\u015fygy arkaly d\u00fcn\u00fd\u00e4 jemgy\u00fdet\u00e7iligini COVID-19 gar\u015fy d\u00fcrli sanjymlary\u0148 \u00f6zara ykrar edilmegi barada ylala\u015fmaga \u00e7agyrdylar.<\/p>\n<p>Habar gulluklary howany\u0148 \u00fc\u00fdtgemegini\u0148 \u00fdaramaz t\u00e4sirleri bo\u00fdun\u00e7a geple\u015fikleri\u0148 \u00e7ynlaka\u00fd bolandygyny bellediler. Global \u00fdylylyk barada a\u00fddylanda, topary\u0148 agza \u00fdurtlary global orta\u00e7a temperaturany\u0148 \u00fdokarlanmagyny 1,5 dereje \u00e7enli \u00e7\u00e4klendirmek \u00fc\u00e7in tagallalary g\u00fc\u00fd\u00e7lendirmek\u00e7i. Mundan ba\u015fga-da, d\u00fcn\u00fd\u00e4d\u00e4ki \u00fderleri\u0148 we ummanlary\u0148 azyndan 30%-ini hapalanmakdan goramak me\u00fdille\u015fdiril\u00fd\u00e4r. G20 liderleri XXI asyry\u0148 ortalaryna \u00e7enli nol uglerod zy\u0148yndylaryny gazanmagy\u0148 m\u00f6h\u00fcmdigini ykrar etdiler. \u00dd\u00f6ne uglerody\u0148 bitaraplygy baradaky anyk bor\u00e7namalar we m\u00f6hletler barada ylala\u015fmakda k\u00e4bir meseleler \u00fd\u00fcze \u00e7ykdy.<\/p>\n<p>G20 \u00fdurtlaryny\u0148 \u00fdolba\u015f\u00e7ylary energi\u00fdany\u0148 nyrhlaryny\u0148 d\u00fc\u00fdpg\u00f6ter \u00fdokarlanmagyna jogap h\u00f6km\u00fcnde durnukly we \u00fczn\u00fcksiz energi\u00fda \u00fcpj\u00fcn\u00e7iligi barada ylala\u015fdylar. Mundan ba\u015fga-da, G20 \u00fdurtlaryny\u0148 \u00fdolba\u015f\u00e7ylary 2030-njy \u00fdyla \u00e7enli k\u00f6m\u00fcr energi\u00fdasyny ulanmazlyk \u00fc\u00e7in m\u00fcmkin bolan \u00e4hli zady etmek\u00e7idiklerini m\u00e4lim etdiler. \u00d6s\u00fcp bar\u00fdan \u00fdurtlara beril\u00fd\u00e4n k\u00f6mek barada a\u00fddylanda, topary\u0148 agzalary bu \u00fdurtlara her \u00fdyl 2025-nji \u00fdyla \u00e7enli 100 milliard dollar m\u00f6\u00e7berinde mali\u00fde seri\u015fdelerini b\u00f6l\u00fcp bermek baradaky bor\u00e7namany \u00fderine \u00fdetirmegi\u0148 zerurdygyny \u00f6\u0148e s\u00fcrd\u00fcler.<\/p>\n<p>Iki g\u00fcn dowam eden maslahatda Itali\u00fdany\u0148 Prem\u00fder-ministri Mario Dragini\u0148 we be\u00fdleki \u00fdolba\u015f\u00e7ylary\u0148 metbugat \u00fdygnagy bilen tamamlandy.<\/p>\n","protected":false},"excerpt":{"rendered":"<p>Itali\u00fdany\u0148 pa\u00fdtagty Rimde 30-31-nji okt\u00fdabrda \u00fdurdu\u0148 taryhynda ilkinji gezek G20 \u00fdurtlaryny\u0148 \u00fdolba\u015f\u00e7ylaryny\u0148 du\u015fu\u015fygy ge\u00e7irildi. Maslahata AB\u015e-ny\u0148, Fransi\u00fdany\u0148, Argentinany\u0148, Brazili\u00fdany\u0148 Prezidentleri, Germani\u00fdany\u0148 Kansleri, Ispani\u00fdany\u0148 we Be\u00fdik Britani\u00fdany\u0148 h\u00f6k\u00fcmet ba\u015ftutanlary Ikinji jahan ur\u015fundan b\u00e4ri i\u0148 agyr \u00e7\u00f6kg\u00fcnligi\u00a0 \u00fde\u0148ip ge\u00e7mek \u00fc\u00e7in bir \u00fdere jemlendiler. Meksika da\u015fary i\u015fler ministri wekil\u00e7ilik etdi, Russi\u00fdany\u0148 Prezidenti, HHR-i\u0148 Ba\u015flygy we \u00ddaponi\u00fdany\u0148 Prem\u00fder-ministri wideo [&hellip;]<\/p>\n","protected":false},"author":2,"featured_media":50408,"comment_status":"open","ping_status":"closed","sticky":false,"template":"","format":"standard","meta":{"footnotes":""},"categories":[5],"tags":[],"acf":[],"_links":{"self":[{"href":"https:\/\/zamanturkmenistan.com.tm\/index.php?rest_route=\/wp\/v2\/posts\/50407"}],"collection":[{"href":"https:\/\/zamanturkmenistan.com.tm\/index.php?rest_route=\/wp\/v2\/posts"}],"about":[{"href":"https:\/\/zamanturkmenistan.com.tm\/index.php?rest_route=\/wp\/v2\/types\/post"}],"author":[{"embeddable":true,"href":"https:\/\/zamanturkmenistan.com.tm\/index.php?rest_route=\/wp\/v2\/users\/2"}],"replies":[{"embeddable":true,"href":"https:\/\/zamanturkmenistan.com.tm\/index.php?rest_route=%2Fwp%2Fv2%2Fcomments&post=50407"}],"version-history":[{"count":0,"href":"https:\/\/zamanturkmenistan.com.tm\/index.php?rest_route=\/wp\/v2\/posts\/50407\/revisions"}],"wp:featuredmedia":[{"embeddable":true,"href":"https:\/\/zamanturkmenistan.com.tm\/index.php?rest_route=\/wp\/v2\/media\/50408"}],"wp:attachment":[{"href":"https:\/\/zamanturkmenistan.com.tm\/index.php?rest_route=%2Fwp%2Fv2%2Fmedia&parent=50407"}],"wp:term":[{"taxonomy":"category","embeddable":true,"href":"https:\/\/zamanturkmenistan.com.tm\/index.php?rest_route=%2Fwp%2Fv2%2Fcategories&post=50407"},{"taxonomy":"post_tag","embeddable":true,"href":"https:\/\/zamanturkmenistan.com.tm\/index.php?rest_route=%2Fwp%2Fv2%2Ftags&post=50407"}],"curies":[{"name":"wp","href":"https:\/\/api.w.org\/{rel}","templated":true}]}}