{"id":50501,"date":"2021-11-02T11:10:20","date_gmt":"2021-11-02T06:10:20","guid":{"rendered":"https:\/\/zamanturkmenistan.com.tm\/?p=50501"},"modified":"2021-11-02T11:10:20","modified_gmt":"2021-11-02T06:10:20","slug":"ykdysady-hyzmatdaslyk-ileri-tutulyar","status":"publish","type":"post","link":"https:\/\/zamanturkmenistan.com.tm\/?p=50501","title":{"rendered":"Ykdysady hyzmatda\u015flyk ileri tutul\u00fdar"},"content":{"rendered":"<p>E\u00fdran Yslam Respublikasyny\u0148 da\u015fary i\u015fler ministrligi \u00fdurdu\u0148 da\u015fary \u00fdurtlardaky diplomatik wekilhanalaryny\u0148 m\u00fcmkin\u00e7iliklerinden pe\u00fddalanyp, be\u00fdleki \u00fdurtlar bilen ykdysady hyzmatda\u015flygy \u00f6sd\u00fcrm\u00e4ge \u00e7aly\u015f\u00fdar. Bu barada 31-nji okt\u00fdabrda E\u00fdrany\u0148 da\u015fary i\u015fler ministri Huse\u00fdin Amir-Abdullahian \u00fdurdu\u0148 Erkin ykdysady zolaklar ge\u0148e\u015fini\u0148 ba\u015flygy Said Muhammet bilen bolan du\u015fu\u015fygynda m\u00e4lim etdi.<\/p>\n<p>Du\u015fu\u015fykda Erkin ykdysady zolaklar ge\u0148e\u015fini\u0148 ba\u015flygy Said Muhammet \u00fdurdu\u0148 erkin s\u00f6wda we ykdysady zolaklaryndaky so\u0148ky \u00f6zgeri\u015flere we \u00f6s\u00fc\u015flere \u00fcnsi \u00e7ekip, bu zolaklardaky d\u00f6redilen m\u00fcmkin\u00e7ilikleri\u0148, gi\u0148 hyzmatda\u015flygy\u0148 we ma\u00fda go\u00fdumlaryny\u0148 \u00fcst\u00fcnde durup ge\u00e7di we da\u015fary i\u015fler ministrligini\u0148 bu ugurdaky tagallalaryna ho\u015fallyk bildirdi. Ol da\u015fary sy\u00fdasat edarasyny\u0148 erkin ykdysady zolaklary\u0148 i\u015flerine i\u015fje\u0148 gatna\u015fyp, ma\u00fda go\u00fdumlaryny \u00e7ekmek maksady bilen be\u00fdleki \u00fdurtlar bilen hyzmatda\u015flygy \u00fdola go\u00fdmakda we gi\u0148eltmekde tagallalaryny ga\u00fdgyrma\u00fdandygyny belledi.<\/p>\n<p>Huse\u00fdn Amir Abdollahian h\u00e4zirki h\u00f6k\u00fcmeti\u0148 da\u015fary sy\u00fdasatyny\u0148 i\u0148 m\u00f6h\u00fcm maksatlaryny\u0148 birini\u0148, be\u00fdleki \u00fdurtlar, esasan hem, go\u0148\u015fy \u00fdurtlar bilen ykdysady we s\u00f6wda gatna\u015fyklaryny gi\u0148eltmekdigini bell\u00e4p, me\u00fdilnama la\u00fdyklykda, da\u015fary i\u015fler ministrligini\u0148 ykdysady pudaklaryny da\u015fary \u00fdurtlardaky wekilhanalarymyzy\u0148 \u00fcsti bilen be\u00fdleki \u00fdurtlar bilen ykdysady gatna\u015fyklary berkitm\u00e4ge tagalla ed\u00fd\u00e4ris di\u00fdip s\u00f6z\u00fcni\u0148 \u00fcst\u00fcni \u00fdetirdi.<\/p>\n<p>Amir Abdollahiyan k\u00e4bir \u00fdurtlary\u0148 erkin s\u00f6wda we ykdysady zolaklaryna ma\u00fda go\u00fdmak isle\u00fd\u00e4ndiklerine \u00fcnsi \u00e7ekip, da\u015fary i\u015fler ministrligini\u0148 hyzmatda\u015flygy g\u00fc\u00fd\u00e7lendirmek we erkin zolaklarda da\u015fary \u00fdurt ma\u00fdasyny \u00e7ekmek \u00fc\u00e7in doly ta\u00fd\u00fdardygyny m\u00e4lim etdi.<\/p>\n","protected":false},"excerpt":{"rendered":"<p>E\u00fdran Yslam Respublikasyny\u0148 da\u015fary i\u015fler ministrligi \u00fdurdu\u0148 da\u015fary \u00fdurtlardaky diplomatik wekilhanalaryny\u0148 m\u00fcmkin\u00e7iliklerinden pe\u00fddalanyp, be\u00fdleki \u00fdurtlar bilen ykdysady hyzmatda\u015flygy \u00f6sd\u00fcrm\u00e4ge \u00e7aly\u015f\u00fdar. Bu barada 31-nji okt\u00fdabrda E\u00fdrany\u0148 da\u015fary i\u015fler ministri Huse\u00fdin Amir-Abdullahian \u00fdurdu\u0148 Erkin ykdysady zolaklar ge\u0148e\u015fini\u0148 ba\u015flygy Said Muhammet bilen bolan du\u015fu\u015fygynda m\u00e4lim etdi. Du\u015fu\u015fykda Erkin ykdysady zolaklar ge\u0148e\u015fini\u0148 ba\u015flygy Said Muhammet \u00fdurdu\u0148 erkin s\u00f6wda we [&hellip;]<\/p>\n","protected":false},"author":2,"featured_media":50502,"comment_status":"open","ping_status":"closed","sticky":false,"template":"","format":"standard","meta":{"footnotes":""},"categories":[5],"tags":[],"acf":[],"_links":{"self":[{"href":"https:\/\/zamanturkmenistan.com.tm\/index.php?rest_route=\/wp\/v2\/posts\/50501"}],"collection":[{"href":"https:\/\/zamanturkmenistan.com.tm\/index.php?rest_route=\/wp\/v2\/posts"}],"about":[{"href":"https:\/\/zamanturkmenistan.com.tm\/index.php?rest_route=\/wp\/v2\/types\/post"}],"author":[{"embeddable":true,"href":"https:\/\/zamanturkmenistan.com.tm\/index.php?rest_route=\/wp\/v2\/users\/2"}],"replies":[{"embeddable":true,"href":"https:\/\/zamanturkmenistan.com.tm\/index.php?rest_route=%2Fwp%2Fv2%2Fcomments&post=50501"}],"version-history":[{"count":0,"href":"https:\/\/zamanturkmenistan.com.tm\/index.php?rest_route=\/wp\/v2\/posts\/50501\/revisions"}],"wp:featuredmedia":[{"embeddable":true,"href":"https:\/\/zamanturkmenistan.com.tm\/index.php?rest_route=\/wp\/v2\/media\/50502"}],"wp:attachment":[{"href":"https:\/\/zamanturkmenistan.com.tm\/index.php?rest_route=%2Fwp%2Fv2%2Fmedia&parent=50501"}],"wp:term":[{"taxonomy":"category","embeddable":true,"href":"https:\/\/zamanturkmenistan.com.tm\/index.php?rest_route=%2Fwp%2Fv2%2Fcategories&post=50501"},{"taxonomy":"post_tag","embeddable":true,"href":"https:\/\/zamanturkmenistan.com.tm\/index.php?rest_route=%2Fwp%2Fv2%2Ftags&post=50501"}],"curies":[{"name":"wp","href":"https:\/\/api.w.org\/{rel}","templated":true}]}}